{"id":8994,"date":"2019-03-19T13:06:55","date_gmt":"2019-03-19T13:06:55","guid":{"rendered":"http:\/\/www.atsalaplata.org.ar\/web\/?p=8994"},"modified":"2019-03-19T13:06:55","modified_gmt":"2019-03-19T13:06:55","slug":"colocacion-del-banco-rojo-en-plaza-moreno-para-concientizar-sobre-la-violencia-de-genero","status":"publish","type":"post","link":"http:\/\/atsalaplata.org.ar\/web\/2019\/03\/colocacion-del-banco-rojo-en-plaza-moreno-para-concientizar-sobre-la-violencia-de-genero\/","title":{"rendered":"Colocaci\u00f3n del Banco Rojo\u00a0en Plaza Moreno para concientizar sobre la violencia de g\u00e9nero"},"content":{"rendered":"<p>A trav\u00e9s de nuestro Secretario General Pedro F. Borgini, la secretaria de la Mujer Karina Rodr\u00edguez, la secretaria de Cultura Ledys Udaquiola y las Cras. Delegadas Gremiales Nelly Tagles, Norma Carrera y Gladys Ibarra participamos de la colocaci\u00f3n del\u00a0<a class=\"_58cn\" href=\"https:\/\/www.facebook.com\/hashtag\/bancorojo?source=feed_text&amp;epa=HASHTAG&amp;__xts__%5B0%5D=68.ARBLTazhut53v0W9RaAOVoYZGPnbBd4rJ8-FJPlB2k3I20YDkXSuuU_xStGwREBBwVTUjUlir8Ayx6fVYXq6XYJOgTVvbalgWrcw8kq7Ifusaav9ZxrhkT0SBA-tX4q_QsUMd8zxiKmRIFeW-FOFvJ_hP0PEhI4ZYekSG1Y8oBV6esASoQwq5PSEjI6G_O78A43a82yCC3vGwvwmUlX6PlsHR45ee19ozeAjdOm9zzffzT6whWkFRABtlxSCPUE09olRIiOfASwHOAeBqtb_RyNoh7lDjZXrcNWOu0Z15SA1ekWs05qx0IKyHBj8_A0XDH55DnMD7TAtC5jt1AqsVZ_Ypw&amp;__tn__=%2ANK-R\" data-ft=\"{&quot;type&quot;:104,&quot;tn&quot;:&quot;*N&quot;}\"><span class=\"_5afx\"><span class=\"_58cl _5afz\" aria-label=\"hashtag\">#<\/span><span class=\"_58cm\">BancoRojo<\/span><\/span><\/a>\u00a0en Plaza Moreno para concientizar, visibilizar y desnaturalizar la violencia de g\u00e9nero.<\/p>\n<p><a href=\"http:\/\/www.atsalaplata.org.ar\/web\/wp-content\/uploads\/2019\/03\/53461879_2231499890206826_2426199950036566016_n.jpg\"><img loading=\"lazy\" decoding=\"async\" class=\"alignnone size-full wp-image-8987\" src=\"http:\/\/www.atsalaplata.org.ar\/web\/wp-content\/uploads\/2019\/03\/53461879_2231499890206826_2426199950036566016_n.jpg\" alt=\"\" width=\"960\" height=\"720\" srcset=\"http:\/\/atsalaplata.org.ar\/web\/wp-content\/uploads\/2019\/03\/53461879_2231499890206826_2426199950036566016_n.jpg 960w, http:\/\/atsalaplata.org.ar\/web\/wp-content\/uploads\/2019\/03\/53461879_2231499890206826_2426199950036566016_n-768x576.jpg 768w, http:\/\/atsalaplata.org.ar\/web\/wp-content\/uploads\/2019\/03\/53461879_2231499890206826_2426199950036566016_n-100x75.jpg 100w, http:\/\/atsalaplata.org.ar\/web\/wp-content\/uploads\/2019\/03\/53461879_2231499890206826_2426199950036566016_n-230x172.jpg 230w\" sizes=\"auto, (max-width: 960px) 100vw, 960px\" \/><\/a><\/p>\n","protected":false},"excerpt":{"rendered":"<p>A trav\u00e9s de nuestro Secretario General Pedro F. Borgini, la secretaria de la Mujer Karina&#8230;<\/p>\n","protected":false},"author":2,"featured_media":0,"comment_status":"closed","ping_status":"closed","sticky":false,"template":"","format":"standard","meta":{"footnotes":""},"categories":[98,119,85],"tags":[],"class_list":["post-8994","post","type-post","status-publish","format-standard","hentry","category-home","category-sec-de-la-mujer","category-sec-de-prensa"],"_links":{"self":[{"href":"http:\/\/atsalaplata.org.ar\/web\/wp-json\/wp\/v2\/posts\/8994","targetHints":{"allow":["GET"]}}],"collection":[{"href":"http:\/\/atsalaplata.org.ar\/web\/wp-json\/wp\/v2\/posts"}],"about":[{"href":"http:\/\/atsalaplata.org.ar\/web\/wp-json\/wp\/v2\/types\/post"}],"author":[{"embeddable":true,"href":"http:\/\/atsalaplata.org.ar\/web\/wp-json\/wp\/v2\/users\/2"}],"replies":[{"embeddable":true,"href":"http:\/\/atsalaplata.org.ar\/web\/wp-json\/wp\/v2\/comments?post=8994"}],"version-history":[{"count":1,"href":"http:\/\/atsalaplata.org.ar\/web\/wp-json\/wp\/v2\/posts\/8994\/revisions"}],"predecessor-version":[{"id":8995,"href":"http:\/\/atsalaplata.org.ar\/web\/wp-json\/wp\/v2\/posts\/8994\/revisions\/8995"}],"wp:attachment":[{"href":"http:\/\/atsalaplata.org.ar\/web\/wp-json\/wp\/v2\/media?parent=8994"}],"wp:term":[{"taxonomy":"category","embeddable":true,"href":"http:\/\/atsalaplata.org.ar\/web\/wp-json\/wp\/v2\/categories?post=8994"},{"taxonomy":"post_tag","embeddable":true,"href":"http:\/\/atsalaplata.org.ar\/web\/wp-json\/wp\/v2\/tags?post=8994"}],"curies":[{"name":"wp","href":"https:\/\/api.w.org\/{rel}","templated":true}]}}