{"id":8914,"date":"2019-03-13T13:57:15","date_gmt":"2019-03-13T13:57:15","guid":{"rendered":"http:\/\/www.atsalaplata.org.ar\/web\/?p=8914"},"modified":"2023-07-26T09:28:22","modified_gmt":"2023-07-26T12:28:22","slug":"edificio-anexo-atsa-la-plata","status":"publish","type":"post","link":"http:\/\/atsalaplata.org.ar\/web\/2019\/03\/edificio-anexo-atsa-la-plata\/","title":{"rendered":"Edificio Anexo -ATSA La Plata-"},"content":{"rendered":"\n<figure class=\"wp-block-embed is-type-video is-provider-youtube wp-block-embed-youtube wp-embed-aspect-16-9 wp-has-aspect-ratio\"><div class=\"wp-block-embed__wrapper\">\n<iframe loading=\"lazy\" title=\"Inauguraci\u00f3n Edificio Anexo -7 de marzo-\" width=\"640\" height=\"360\" src=\"https:\/\/www.youtube.com\/embed\/j3dtmuJW37U?feature=oembed\" frameborder=\"0\" allow=\"accelerometer; autoplay; clipboard-write; encrypted-media; gyroscope; picture-in-picture; web-share\" referrerpolicy=\"strict-origin-when-cross-origin\" allowfullscreen><\/iframe>\n<\/div><\/figure>\n\n\n\n<p>El pasado jueves 7 de Marzo inauguramos el edificio anexo de nuestra sede social .<br>El corte de cintas estuvo a cargo de nuestro Secretario General Pedro F. Borgini acompa\u00f1ado por el Secretario General de la FATSA Carlos West Ocampo y el Cro. Hector Daer Secretario General de ATSA Bs. As., Sec. Adjunto de la FATSA y Sec. Gral. de CGT nacional. El descubrimiento de la placa fue realizado por nuestro Secretario Adjunto Ricardo Padron y la cra. Patricia Otonelli Sec. de Acci\u00f3n So<span class=\"text_exposed_show\">cial. La bendici\u00f3n del nuevo edificio la llevo adelante el Padre Ruben Marchionni de la Pastoral Social de La Plata.<br>Nos acompa\u00f1aron en este gran acontecimiento el Consejo Directivo de la FATSA, el cual integran los Secretarios Generales de la SANIDAD de todo el pa\u00eds, tambi\u00e9n lo hicieron los Secretarios Generales de diferentes de la regi\u00f3n, Concejales de nuestra ciudad, directivos de ACLIBA, FECLIBA, Colegio de Odont\u00f3logos y dem\u00e1s Instituciones, Integrantes de nuestro Concejo Directivo, nuestro Cuerpo de Delegados Gremiales y el personal de ATSA y OSPSA La Plata.<\/span><\/p>\n","protected":false},"excerpt":{"rendered":"<p>El pasado jueves 7 de Marzo inauguramos el edificio anexo de nuestra sede social .El&#8230;<\/p>\n","protected":false},"author":2,"featured_media":0,"comment_status":"closed","ping_status":"closed","sticky":false,"template":"","format":"gallery","meta":{"footnotes":""},"categories":[98,85],"tags":[],"class_list":["post-8914","post","type-post","status-publish","format-gallery","hentry","category-home","category-sec-de-prensa","post_format-post-format-gallery"],"_links":{"self":[{"href":"http:\/\/atsalaplata.org.ar\/web\/wp-json\/wp\/v2\/posts\/8914","targetHints":{"allow":["GET"]}}],"collection":[{"href":"http:\/\/atsalaplata.org.ar\/web\/wp-json\/wp\/v2\/posts"}],"about":[{"href":"http:\/\/atsalaplata.org.ar\/web\/wp-json\/wp\/v2\/types\/post"}],"author":[{"embeddable":true,"href":"http:\/\/atsalaplata.org.ar\/web\/wp-json\/wp\/v2\/users\/2"}],"replies":[{"embeddable":true,"href":"http:\/\/atsalaplata.org.ar\/web\/wp-json\/wp\/v2\/comments?post=8914"}],"version-history":[{"count":2,"href":"http:\/\/atsalaplata.org.ar\/web\/wp-json\/wp\/v2\/posts\/8914\/revisions"}],"predecessor-version":[{"id":15156,"href":"http:\/\/atsalaplata.org.ar\/web\/wp-json\/wp\/v2\/posts\/8914\/revisions\/15156"}],"wp:attachment":[{"href":"http:\/\/atsalaplata.org.ar\/web\/wp-json\/wp\/v2\/media?parent=8914"}],"wp:term":[{"taxonomy":"category","embeddable":true,"href":"http:\/\/atsalaplata.org.ar\/web\/wp-json\/wp\/v2\/categories?post=8914"},{"taxonomy":"post_tag","embeddable":true,"href":"http:\/\/atsalaplata.org.ar\/web\/wp-json\/wp\/v2\/tags?post=8914"}],"curies":[{"name":"wp","href":"https:\/\/api.w.org\/{rel}","templated":true}]}}