{"id":8874,"date":"2019-03-12T14:35:52","date_gmt":"2019-03-12T14:35:52","guid":{"rendered":"http:\/\/www.atsalaplata.org.ar\/web\/?p=8874"},"modified":"2019-03-12T15:05:52","modified_gmt":"2019-03-12T15:05:52","slug":"un-banco-rojo-para-concientizar-sobre-la-violencia-de-genero","status":"publish","type":"post","link":"http:\/\/atsalaplata.org.ar\/web\/2019\/03\/un-banco-rojo-para-concientizar-sobre-la-violencia-de-genero\/","title":{"rendered":"Un banco rojo para concientizar sobre la violencia de g\u00e9nero"},"content":{"rendered":"<p>ATSA La Plata a trav\u00e9s de la Secretar\u00eda de la Mujer conducida por la Cra. Karina Rodr\u00edguez participo de la colocaci\u00f3n de un banco rojo en la sede de Colegio de Abogados de La Plata. Acompa\u00f1ada de la Cra. Mar\u00eda Isabel Lazarte Secretaria de Previsi\u00f3n y Paula Lanzo Delegada gremial. Desde nuestro Secretario General Pedro F. Borgini y toda nuestra organizaci\u00f3n mantenemos el compromiso de concientizar para as\u00ed prevenir y erradicar la violencia de g\u00e9nero.<\/p>\n<p><a href=\"http:\/\/www.atsalaplata.org.ar\/web\/wp-content\/uploads\/2019\/03\/53669833_2221190747904407_1349746163426787328_o.jpg\"><img loading=\"lazy\" decoding=\"async\" class=\"alignnone size-full wp-image-8860\" src=\"http:\/\/www.atsalaplata.org.ar\/web\/wp-content\/uploads\/2019\/03\/53669833_2221190747904407_1349746163426787328_o.jpg\" alt=\"\" width=\"1032\" height=\"774\" srcset=\"http:\/\/atsalaplata.org.ar\/web\/wp-content\/uploads\/2019\/03\/53669833_2221190747904407_1349746163426787328_o.jpg 1032w, http:\/\/atsalaplata.org.ar\/web\/wp-content\/uploads\/2019\/03\/53669833_2221190747904407_1349746163426787328_o-768x576.jpg 768w, http:\/\/atsalaplata.org.ar\/web\/wp-content\/uploads\/2019\/03\/53669833_2221190747904407_1349746163426787328_o-100x75.jpg 100w, http:\/\/atsalaplata.org.ar\/web\/wp-content\/uploads\/2019\/03\/53669833_2221190747904407_1349746163426787328_o-230x172.jpg 230w\" sizes=\"auto, (max-width: 1032px) 100vw, 1032px\" \/><\/a><\/p>\n","protected":false},"excerpt":{"rendered":"<p>ATSA La Plata a trav\u00e9s de la Secretar\u00eda de la Mujer conducida por la Cra&#8230;.<\/p>\n","protected":false},"author":2,"featured_media":0,"comment_status":"closed","ping_status":"closed","sticky":false,"template":"","format":"standard","meta":{"footnotes":""},"categories":[98,119,85],"tags":[],"class_list":["post-8874","post","type-post","status-publish","format-standard","hentry","category-home","category-sec-de-la-mujer","category-sec-de-prensa"],"_links":{"self":[{"href":"http:\/\/atsalaplata.org.ar\/web\/wp-json\/wp\/v2\/posts\/8874","targetHints":{"allow":["GET"]}}],"collection":[{"href":"http:\/\/atsalaplata.org.ar\/web\/wp-json\/wp\/v2\/posts"}],"about":[{"href":"http:\/\/atsalaplata.org.ar\/web\/wp-json\/wp\/v2\/types\/post"}],"author":[{"embeddable":true,"href":"http:\/\/atsalaplata.org.ar\/web\/wp-json\/wp\/v2\/users\/2"}],"replies":[{"embeddable":true,"href":"http:\/\/atsalaplata.org.ar\/web\/wp-json\/wp\/v2\/comments?post=8874"}],"version-history":[{"count":2,"href":"http:\/\/atsalaplata.org.ar\/web\/wp-json\/wp\/v2\/posts\/8874\/revisions"}],"predecessor-version":[{"id":8876,"href":"http:\/\/atsalaplata.org.ar\/web\/wp-json\/wp\/v2\/posts\/8874\/revisions\/8876"}],"wp:attachment":[{"href":"http:\/\/atsalaplata.org.ar\/web\/wp-json\/wp\/v2\/media?parent=8874"}],"wp:term":[{"taxonomy":"category","embeddable":true,"href":"http:\/\/atsalaplata.org.ar\/web\/wp-json\/wp\/v2\/categories?post=8874"},{"taxonomy":"post_tag","embeddable":true,"href":"http:\/\/atsalaplata.org.ar\/web\/wp-json\/wp\/v2\/tags?post=8874"}],"curies":[{"name":"wp","href":"https:\/\/api.w.org\/{rel}","templated":true}]}}