{"id":8811,"date":"2019-02-27T14:43:35","date_gmt":"2019-02-27T17:43:35","guid":{"rendered":"http:\/\/www.atsalaplata.org.ar\/web\/?p=8811"},"modified":"2023-07-17T09:09:40","modified_gmt":"2023-07-17T12:09:40","slug":"te-acordaste-de-las-vacunas","status":"publish","type":"post","link":"http:\/\/atsalaplata.org.ar\/web\/2019\/02\/te-acordaste-de-las-vacunas\/","title":{"rendered":"\u00bfTe acordaste de las vacunas?"},"content":{"rendered":"<p><strong>\u00bfSab\u00edas que si te vacun\u00e1s, no s\u00f3lo te est\u00e1s protegiendo a vos, sino que tambi\u00e9n cuidas de tu familia y tu entorno social?<\/strong><\/p>\n<p>Seg\u00fan la Organizaci\u00f3n Mundial de la Salud (OMS) la vacunaci\u00f3n salva, cada a\u00f1o, m\u00e1s de 3 millones de menores en todo el mundo, y evita que muchos otros millones de personas padezcan enfermedades complejas o que dejen incapacidades permanentes.<\/p>\n<p>No te olvides de comenzar el cole con el calendario de vacunaci\u00f3n al d\u00eda.<\/p>\n<p><a href=\"http:\/\/www.atsalaplata.org.ar\/web\/wp-content\/uploads\/2019\/02\/vacunacion-01.jpg\"><img loading=\"lazy\" decoding=\"async\" class=\"alignnone size-full wp-image-8812\" src=\"http:\/\/www.atsalaplata.org.ar\/web\/wp-content\/uploads\/2019\/02\/vacunacion-01.jpg\" alt=\"\" width=\"3333\" height=\"3333\" srcset=\"http:\/\/atsalaplata.org.ar\/web\/wp-content\/uploads\/2019\/02\/vacunacion-01.jpg 3333w, http:\/\/atsalaplata.org.ar\/web\/wp-content\/uploads\/2019\/02\/vacunacion-01-150x150.jpg 150w, http:\/\/atsalaplata.org.ar\/web\/wp-content\/uploads\/2019\/02\/vacunacion-01-300x300.jpg 300w, http:\/\/atsalaplata.org.ar\/web\/wp-content\/uploads\/2019\/02\/vacunacion-01-768x768.jpg 768w, http:\/\/atsalaplata.org.ar\/web\/wp-content\/uploads\/2019\/02\/vacunacion-01-1024x1024.jpg 1024w, http:\/\/atsalaplata.org.ar\/web\/wp-content\/uploads\/2019\/02\/vacunacion-01-100x100.jpg 100w, http:\/\/atsalaplata.org.ar\/web\/wp-content\/uploads\/2019\/02\/vacunacion-01-230x230.jpg 230w\" sizes=\"auto, (max-width: 3333px) 100vw, 3333px\" \/><\/a><\/p>\n","protected":false},"excerpt":{"rendered":"<p>\u00bfSab\u00edas que si te vacun\u00e1s, no s\u00f3lo te est\u00e1s protegiendo a vos, sino que tambi\u00e9n&#8230;<\/p>\n","protected":false},"author":2,"featured_media":0,"comment_status":"closed","ping_status":"closed","sticky":false,"template":"","format":"image","meta":{"footnotes":""},"categories":[98,81,85,152],"tags":[151],"class_list":["post-8811","post","type-post","status-publish","format-image","hentry","category-home","category-salud","category-sec-de-prensa","category-vacunacion","tag-vacunacion","post_format-post-format-image"],"_links":{"self":[{"href":"http:\/\/atsalaplata.org.ar\/web\/wp-json\/wp\/v2\/posts\/8811","targetHints":{"allow":["GET"]}}],"collection":[{"href":"http:\/\/atsalaplata.org.ar\/web\/wp-json\/wp\/v2\/posts"}],"about":[{"href":"http:\/\/atsalaplata.org.ar\/web\/wp-json\/wp\/v2\/types\/post"}],"author":[{"embeddable":true,"href":"http:\/\/atsalaplata.org.ar\/web\/wp-json\/wp\/v2\/users\/2"}],"replies":[{"embeddable":true,"href":"http:\/\/atsalaplata.org.ar\/web\/wp-json\/wp\/v2\/comments?post=8811"}],"version-history":[{"count":1,"href":"http:\/\/atsalaplata.org.ar\/web\/wp-json\/wp\/v2\/posts\/8811\/revisions"}],"predecessor-version":[{"id":8813,"href":"http:\/\/atsalaplata.org.ar\/web\/wp-json\/wp\/v2\/posts\/8811\/revisions\/8813"}],"wp:attachment":[{"href":"http:\/\/atsalaplata.org.ar\/web\/wp-json\/wp\/v2\/media?parent=8811"}],"wp:term":[{"taxonomy":"category","embeddable":true,"href":"http:\/\/atsalaplata.org.ar\/web\/wp-json\/wp\/v2\/categories?post=8811"},{"taxonomy":"post_tag","embeddable":true,"href":"http:\/\/atsalaplata.org.ar\/web\/wp-json\/wp\/v2\/tags?post=8811"}],"curies":[{"name":"wp","href":"https:\/\/api.w.org\/{rel}","templated":true}]}}