{"id":8803,"date":"2019-02-21T13:58:41","date_gmt":"2019-02-21T13:58:41","guid":{"rendered":"http:\/\/www.atsalaplata.org.ar\/web\/?p=8803"},"modified":"2019-02-21T13:58:41","modified_gmt":"2019-02-21T13:58:41","slug":"actualizacion-salarial-cct-10875","status":"publish","type":"post","link":"http:\/\/atsalaplata.org.ar\/web\/2019\/02\/actualizacion-salarial-cct-10875\/","title":{"rendered":"ACTUALIZACI\u00d3N SALARIAL &#8211; CCT 108\/75"},"content":{"rendered":"<p>Compartimos la actualizaci\u00f3n de la escala salarial correspondiente al Convenio Colectivo de Trabajo 108\/75, que contempla a los trabajadores de Institutos M\u00e9dicos, Odontol\u00f3gicos, Laboratorios de An\u00e1lisis Cl\u00ednicos, Rayos, Consultorios, Cl\u00ednicas e Instituciones sin internaci\u00f3n.<\/p>\n<p><a href=\"http:\/\/www.atsalaplata.org.ar\/web\/wp-content\/uploads\/2019\/02\/108-75-ACTUALIZACION-01.jpg\"><img loading=\"lazy\" decoding=\"async\" class=\"alignnone size-full wp-image-8797\" src=\"http:\/\/www.atsalaplata.org.ar\/web\/wp-content\/uploads\/2019\/02\/108-75-ACTUALIZACION-01.jpg\" alt=\"\" width=\"2480\" height=\"3508\" srcset=\"http:\/\/atsalaplata.org.ar\/web\/wp-content\/uploads\/2019\/02\/108-75-ACTUALIZACION-01.jpg 2480w, http:\/\/atsalaplata.org.ar\/web\/wp-content\/uploads\/2019\/02\/108-75-ACTUALIZACION-01-768x1086.jpg 768w, http:\/\/atsalaplata.org.ar\/web\/wp-content\/uploads\/2019\/02\/108-75-ACTUALIZACION-01-100x141.jpg 100w, http:\/\/atsalaplata.org.ar\/web\/wp-content\/uploads\/2019\/02\/108-75-ACTUALIZACION-01-230x325.jpg 230w\" sizes=\"auto, (max-width: 2480px) 100vw, 2480px\" \/><\/a><\/p>\n","protected":false},"excerpt":{"rendered":"<p>Compartimos la actualizaci\u00f3n de la escala salarial correspondiente al Convenio Colectivo de Trabajo 108\/75, que&#8230;<\/p>\n","protected":false},"author":2,"featured_media":0,"comment_status":"closed","ping_status":"closed","sticky":false,"template":"","format":"image","meta":{"footnotes":""},"categories":[98,85,96],"tags":[],"class_list":["post-8803","post","type-post","status-publish","format-image","hentry","category-home","category-sec-de-prensa","category-sec-gremial","post_format-post-format-image"],"_links":{"self":[{"href":"http:\/\/atsalaplata.org.ar\/web\/wp-json\/wp\/v2\/posts\/8803","targetHints":{"allow":["GET"]}}],"collection":[{"href":"http:\/\/atsalaplata.org.ar\/web\/wp-json\/wp\/v2\/posts"}],"about":[{"href":"http:\/\/atsalaplata.org.ar\/web\/wp-json\/wp\/v2\/types\/post"}],"author":[{"embeddable":true,"href":"http:\/\/atsalaplata.org.ar\/web\/wp-json\/wp\/v2\/users\/2"}],"replies":[{"embeddable":true,"href":"http:\/\/atsalaplata.org.ar\/web\/wp-json\/wp\/v2\/comments?post=8803"}],"version-history":[{"count":1,"href":"http:\/\/atsalaplata.org.ar\/web\/wp-json\/wp\/v2\/posts\/8803\/revisions"}],"predecessor-version":[{"id":8804,"href":"http:\/\/atsalaplata.org.ar\/web\/wp-json\/wp\/v2\/posts\/8803\/revisions\/8804"}],"wp:attachment":[{"href":"http:\/\/atsalaplata.org.ar\/web\/wp-json\/wp\/v2\/media?parent=8803"}],"wp:term":[{"taxonomy":"category","embeddable":true,"href":"http:\/\/atsalaplata.org.ar\/web\/wp-json\/wp\/v2\/categories?post=8803"},{"taxonomy":"post_tag","embeddable":true,"href":"http:\/\/atsalaplata.org.ar\/web\/wp-json\/wp\/v2\/tags?post=8803"}],"curies":[{"name":"wp","href":"https:\/\/api.w.org\/{rel}","templated":true}]}}