{"id":5495,"date":"2017-05-31T14:50:11","date_gmt":"2017-05-31T14:50:11","guid":{"rendered":"http:\/\/www.atsalaplata.org.ar\/web\/?p=5495"},"modified":"2017-05-31T14:50:11","modified_gmt":"2017-05-31T14:50:11","slug":"aumento-para-laboratorios-medicinales-yo-veterinarios","status":"publish","type":"post","link":"http:\/\/atsalaplata.org.ar\/web\/2017\/05\/aumento-para-laboratorios-medicinales-yo-veterinarios\/","title":{"rendered":"AUMENTO PARA LABORATORIOS MEDICINALES Y\/O VETERINARIOS"},"content":{"rendered":"<p>El CCT 42\/89 que contempla a los trabajadores de la industria farmac\u00e9utica y veterinaria, el mismo representa una suba del 23% (13% en el mes de Mayo y 10% en el mes de Agosto) con una cl\u00e1usula gatillo autom\u00e1tica, aplicable en enero de 2018.<br \/>\nEsta cl\u00e1usula garantiza que, si la inflaci\u00f3n de enero a diciembre de 2017 (IPC=INDEC) fuese superior al 21%, se ajustar\u00e1 el porcentaje al resultado de la inflaci\u00f3n, m\u00e1s el + 2%.<br \/>\nSe actualizaron el resto de los adicionales, como as\u00ed tambi\u00e9n se abonara como \u00fanica vez un pago no remunerativo por el Dia del Trabajador de la Sanidad de $ 1.000.<\/p>\n","protected":false},"excerpt":{"rendered":"<p>El CCT 42\/89 que contempla a los trabajadores de la industria farmac\u00e9utica y veterinaria, el&#8230;<\/p>\n","protected":false},"author":2,"featured_media":5496,"comment_status":"closed","ping_status":"closed","sticky":false,"template":"","format":"standard","meta":{"footnotes":""},"categories":[98,85,96],"tags":[],"class_list":["post-5495","post","type-post","status-publish","format-standard","has-post-thumbnail","hentry","category-home","category-sec-de-prensa","category-sec-gremial"],"_links":{"self":[{"href":"http:\/\/atsalaplata.org.ar\/web\/wp-json\/wp\/v2\/posts\/5495","targetHints":{"allow":["GET"]}}],"collection":[{"href":"http:\/\/atsalaplata.org.ar\/web\/wp-json\/wp\/v2\/posts"}],"about":[{"href":"http:\/\/atsalaplata.org.ar\/web\/wp-json\/wp\/v2\/types\/post"}],"author":[{"embeddable":true,"href":"http:\/\/atsalaplata.org.ar\/web\/wp-json\/wp\/v2\/users\/2"}],"replies":[{"embeddable":true,"href":"http:\/\/atsalaplata.org.ar\/web\/wp-json\/wp\/v2\/comments?post=5495"}],"version-history":[{"count":1,"href":"http:\/\/atsalaplata.org.ar\/web\/wp-json\/wp\/v2\/posts\/5495\/revisions"}],"predecessor-version":[{"id":5497,"href":"http:\/\/atsalaplata.org.ar\/web\/wp-json\/wp\/v2\/posts\/5495\/revisions\/5497"}],"wp:featuredmedia":[{"embeddable":true,"href":"http:\/\/atsalaplata.org.ar\/web\/wp-json\/wp\/v2\/media\/5496"}],"wp:attachment":[{"href":"http:\/\/atsalaplata.org.ar\/web\/wp-json\/wp\/v2\/media?parent=5495"}],"wp:term":[{"taxonomy":"category","embeddable":true,"href":"http:\/\/atsalaplata.org.ar\/web\/wp-json\/wp\/v2\/categories?post=5495"},{"taxonomy":"post_tag","embeddable":true,"href":"http:\/\/atsalaplata.org.ar\/web\/wp-json\/wp\/v2\/tags?post=5495"}],"curies":[{"name":"wp","href":"https:\/\/api.w.org\/{rel}","templated":true}]}}