{"id":5493,"date":"2017-05-30T19:55:49","date_gmt":"2017-05-30T19:55:49","guid":{"rendered":"http:\/\/www.atsalaplata.org.ar\/web\/?p=5493"},"modified":"2017-05-30T19:55:49","modified_gmt":"2017-05-30T19:55:49","slug":"dia-mundial-sin-tabaco-2","status":"publish","type":"post","link":"http:\/\/atsalaplata.org.ar\/web\/2017\/05\/dia-mundial-sin-tabaco-2\/","title":{"rendered":"D\u00eda Mundial sin Tabaco\u00a0"},"content":{"rendered":"<p>En 1988, la Asamblea de la Organizaci\u00f3n Mundial de la Salud, por resoluci\u00f3n WHA. 42.19, estableci\u00f3 que el 31 de mayo de cada a\u00f1o tenga lugar el D\u00eda Mundial sin Tabaco. La fecha se fij\u00f3 con el objetivo de desalentar el consumo de tabaco en todas sus formas e instar a los gobiernos y a todos aquellos que est\u00e9n relacionados con el tema a participar activamente para lograr sociedades m\u00e1s saludables, libres de tabaco.<\/p>\n","protected":false},"excerpt":{"rendered":"<p>En 1988, la Asamblea de la Organizaci\u00f3n Mundial de la Salud, por resoluci\u00f3n WHA. 42.19, estableci\u00f3 que el 31 de mayo de cada <\/p>\n","protected":false},"author":2,"featured_media":5491,"comment_status":"closed","ping_status":"closed","sticky":false,"template":"","format":"standard","meta":{"footnotes":""},"categories":[98,85],"tags":[],"class_list":["post-5493","post","type-post","status-publish","format-standard","has-post-thumbnail","hentry","category-home","category-sec-de-prensa"],"_links":{"self":[{"href":"http:\/\/atsalaplata.org.ar\/web\/wp-json\/wp\/v2\/posts\/5493","targetHints":{"allow":["GET"]}}],"collection":[{"href":"http:\/\/atsalaplata.org.ar\/web\/wp-json\/wp\/v2\/posts"}],"about":[{"href":"http:\/\/atsalaplata.org.ar\/web\/wp-json\/wp\/v2\/types\/post"}],"author":[{"embeddable":true,"href":"http:\/\/atsalaplata.org.ar\/web\/wp-json\/wp\/v2\/users\/2"}],"replies":[{"embeddable":true,"href":"http:\/\/atsalaplata.org.ar\/web\/wp-json\/wp\/v2\/comments?post=5493"}],"version-history":[{"count":1,"href":"http:\/\/atsalaplata.org.ar\/web\/wp-json\/wp\/v2\/posts\/5493\/revisions"}],"predecessor-version":[{"id":5494,"href":"http:\/\/atsalaplata.org.ar\/web\/wp-json\/wp\/v2\/posts\/5493\/revisions\/5494"}],"wp:featuredmedia":[{"embeddable":true,"href":"http:\/\/atsalaplata.org.ar\/web\/wp-json\/wp\/v2\/media\/5491"}],"wp:attachment":[{"href":"http:\/\/atsalaplata.org.ar\/web\/wp-json\/wp\/v2\/media?parent=5493"}],"wp:term":[{"taxonomy":"category","embeddable":true,"href":"http:\/\/atsalaplata.org.ar\/web\/wp-json\/wp\/v2\/categories?post=5493"},{"taxonomy":"post_tag","embeddable":true,"href":"http:\/\/atsalaplata.org.ar\/web\/wp-json\/wp\/v2\/tags?post=5493"}],"curies":[{"name":"wp","href":"https:\/\/api.w.org\/{rel}","templated":true}]}}