{"id":5462,"date":"2017-05-26T18:40:11","date_gmt":"2017-05-26T18:40:11","guid":{"rendered":"http:\/\/www.atsalaplata.org.ar\/web\/?p=5462"},"modified":"2017-05-26T18:42:40","modified_gmt":"2017-05-26T18:42:40","slug":"207-anos-de-la-gesta-de-mayo","status":"publish","type":"post","link":"http:\/\/atsalaplata.org.ar\/web\/2017\/05\/207-anos-de-la-gesta-de-mayo\/","title":{"rendered":"207 A\u00d1OS DE LA GESTA DE MAYO"},"content":{"rendered":"<p>Tuvo lugar en instalaciones de nuestra sede social, el acto por la conmemoraci\u00f3n de los 207 a\u00f1os de la Revoluci\u00f3n de mayo. Dicha actividad llevada a cabo por la Secretaria de Capacitaci\u00f3n conto con la presencia de Pedro F. Borgini Secretario General de ATSA La Plata, Osvaldo Franchi Secretario de Capacitaci\u00f3n, integrantes del Concejo Directivo, cuerpo de Delegados, Agrupaci\u00f3n Trinos, Docentes y Alumnos de nuestro Centro de Capacitaci\u00f3n. Contamos con la visita de Centros de Jubilados amigos quienes junto a Trinos prepararon, como nos tienen acostumbrados en cada fecha patria, el tradicional chocolate y pastelitos. Destacamos la actuaci\u00f3n de la Agrupaci\u00f3n Folkl\u00f3rica \u201cCon los pies sobre la Tierra\u201d quienes nos deleitaron con danzas tradicionales.<\/p>\n","protected":false},"excerpt":{"rendered":"<p>Tuvo lugar en instalaciones de nuestra sede social, el acto por la conmemoraci\u00f3n de los 207 a\u00f1os de la Revoluci\u00f3n de mayo&#8230;VER MAS<\/p>\n","protected":false},"author":2,"featured_media":5469,"comment_status":"closed","ping_status":"closed","sticky":false,"template":"","format":"gallery","meta":{"footnotes":""},"categories":[98,84,85],"tags":[],"class_list":["post-5462","post","type-post","status-publish","format-gallery","has-post-thumbnail","hentry","category-home","category-sec-capacitacion","category-sec-de-prensa","post_format-post-format-gallery"],"_links":{"self":[{"href":"http:\/\/atsalaplata.org.ar\/web\/wp-json\/wp\/v2\/posts\/5462","targetHints":{"allow":["GET"]}}],"collection":[{"href":"http:\/\/atsalaplata.org.ar\/web\/wp-json\/wp\/v2\/posts"}],"about":[{"href":"http:\/\/atsalaplata.org.ar\/web\/wp-json\/wp\/v2\/types\/post"}],"author":[{"embeddable":true,"href":"http:\/\/atsalaplata.org.ar\/web\/wp-json\/wp\/v2\/users\/2"}],"replies":[{"embeddable":true,"href":"http:\/\/atsalaplata.org.ar\/web\/wp-json\/wp\/v2\/comments?post=5462"}],"version-history":[{"count":1,"href":"http:\/\/atsalaplata.org.ar\/web\/wp-json\/wp\/v2\/posts\/5462\/revisions"}],"predecessor-version":[{"id":5486,"href":"http:\/\/atsalaplata.org.ar\/web\/wp-json\/wp\/v2\/posts\/5462\/revisions\/5486"}],"wp:featuredmedia":[{"embeddable":true,"href":"http:\/\/atsalaplata.org.ar\/web\/wp-json\/wp\/v2\/media\/5469"}],"wp:attachment":[{"href":"http:\/\/atsalaplata.org.ar\/web\/wp-json\/wp\/v2\/media?parent=5462"}],"wp:term":[{"taxonomy":"category","embeddable":true,"href":"http:\/\/atsalaplata.org.ar\/web\/wp-json\/wp\/v2\/categories?post=5462"},{"taxonomy":"post_tag","embeddable":true,"href":"http:\/\/atsalaplata.org.ar\/web\/wp-json\/wp\/v2\/tags?post=5462"}],"curies":[{"name":"wp","href":"https:\/\/api.w.org\/{rel}","templated":true}]}}