{"id":5455,"date":"2017-05-22T17:32:13","date_gmt":"2017-05-22T17:32:13","guid":{"rendered":"http:\/\/www.atsalaplata.org.ar\/web\/?p=5455"},"modified":"2017-05-22T17:32:13","modified_gmt":"2017-05-22T17:32:13","slug":"creacion-de-la-secretaria-de-salud-publica","status":"publish","type":"post","link":"http:\/\/atsalaplata.org.ar\/web\/2017\/05\/creacion-de-la-secretaria-de-salud-publica\/","title":{"rendered":"Creaci\u00f3n de la Secretar\u00eda de Salud P\u00fablica\u00a0"},"content":{"rendered":"<p>El 23 de mayo de 1946, por decreto N\u00ba 14.807, fue creada la Secretar\u00eda de Salud P\u00fablica. Dicho decreto otorgaba al Secretario jerarqu\u00eda de Ministro y dictaminaba que sus actos ser\u00edan refrendados por el Ministerio del Interior. El 29 de mayo se design\u00f3 a cargo de dicha Secretar\u00eda al Prof. Dr. Ram\u00f3n Carrillo.<\/p>\n","protected":false},"excerpt":{"rendered":"<p>El 23 de mayo de 1946, por decreto N\u00ba 14.807, fue creada la Secretar\u00eda de&#8230;<\/p>\n","protected":false},"author":2,"featured_media":5456,"comment_status":"closed","ping_status":"closed","sticky":false,"template":"","format":"standard","meta":{"footnotes":""},"categories":[98,85],"tags":[],"class_list":["post-5455","post","type-post","status-publish","format-standard","has-post-thumbnail","hentry","category-home","category-sec-de-prensa"],"_links":{"self":[{"href":"http:\/\/atsalaplata.org.ar\/web\/wp-json\/wp\/v2\/posts\/5455","targetHints":{"allow":["GET"]}}],"collection":[{"href":"http:\/\/atsalaplata.org.ar\/web\/wp-json\/wp\/v2\/posts"}],"about":[{"href":"http:\/\/atsalaplata.org.ar\/web\/wp-json\/wp\/v2\/types\/post"}],"author":[{"embeddable":true,"href":"http:\/\/atsalaplata.org.ar\/web\/wp-json\/wp\/v2\/users\/2"}],"replies":[{"embeddable":true,"href":"http:\/\/atsalaplata.org.ar\/web\/wp-json\/wp\/v2\/comments?post=5455"}],"version-history":[{"count":1,"href":"http:\/\/atsalaplata.org.ar\/web\/wp-json\/wp\/v2\/posts\/5455\/revisions"}],"predecessor-version":[{"id":5457,"href":"http:\/\/atsalaplata.org.ar\/web\/wp-json\/wp\/v2\/posts\/5455\/revisions\/5457"}],"wp:featuredmedia":[{"embeddable":true,"href":"http:\/\/atsalaplata.org.ar\/web\/wp-json\/wp\/v2\/media\/5456"}],"wp:attachment":[{"href":"http:\/\/atsalaplata.org.ar\/web\/wp-json\/wp\/v2\/media?parent=5455"}],"wp:term":[{"taxonomy":"category","embeddable":true,"href":"http:\/\/atsalaplata.org.ar\/web\/wp-json\/wp\/v2\/categories?post=5455"},{"taxonomy":"post_tag","embeddable":true,"href":"http:\/\/atsalaplata.org.ar\/web\/wp-json\/wp\/v2\/tags?post=5455"}],"curies":[{"name":"wp","href":"https:\/\/api.w.org\/{rel}","templated":true}]}}