{"id":5448,"date":"2017-05-17T18:02:39","date_gmt":"2017-05-17T18:02:39","guid":{"rendered":"http:\/\/www.atsalaplata.org.ar\/web\/?p=5448"},"modified":"2017-05-17T18:02:39","modified_gmt":"2017-05-17T18:02:39","slug":"la-agrupacion-trinos-participo-del-taller-de-la-memoria-dictado-por-el-anses","status":"publish","type":"post","link":"http:\/\/atsalaplata.org.ar\/web\/2017\/05\/la-agrupacion-trinos-participo-del-taller-de-la-memoria-dictado-por-el-anses\/","title":{"rendered":"La Agrupaci\u00f3n Trinos particip\u00f3 del Taller de la Memoria dictado por el ANSES"},"content":{"rendered":"<p>La Asociaci\u00f3n de Trabajadores de la Sanidad Argentina ATSA La Plata a trav\u00e9s, de Agrupaci\u00f3n \u00a0Trinos, nuevamente recibi\u00f3 en su sede social a la Direcci\u00f3n de Redes con la Comunidad del ANSES, quienes dictaron el taller ESTIMULACION DE LA MEMORIA , el mismo se dio dentro del marco de las actividades que llevan adelante nuestros adultos mayores, con el apoyo y coordinaci\u00f3n de Mercedes Spinetta de la Direcci\u00f3n de Unidad Central de Apoyo y el \u00d3rgano Consultivo del ANSES.<\/p>\n<p>&nbsp;<\/p>\n","protected":false},"excerpt":{"rendered":"<p>La Agrupaci\u00f3n de Trinos, recibi\u00f3 en la sede social de nuestro gremio a la Direcci\u00f3n de Redes con la Comunidad del ANSES&#8230;VER MAS<\/p>\n","protected":false},"author":2,"featured_media":0,"comment_status":"closed","ping_status":"closed","sticky":false,"template":"","format":"gallery","meta":{"footnotes":""},"categories":[98,85],"tags":[],"class_list":["post-5448","post","type-post","status-publish","format-gallery","hentry","category-home","category-sec-de-prensa","post_format-post-format-gallery"],"_links":{"self":[{"href":"http:\/\/atsalaplata.org.ar\/web\/wp-json\/wp\/v2\/posts\/5448","targetHints":{"allow":["GET"]}}],"collection":[{"href":"http:\/\/atsalaplata.org.ar\/web\/wp-json\/wp\/v2\/posts"}],"about":[{"href":"http:\/\/atsalaplata.org.ar\/web\/wp-json\/wp\/v2\/types\/post"}],"author":[{"embeddable":true,"href":"http:\/\/atsalaplata.org.ar\/web\/wp-json\/wp\/v2\/users\/2"}],"replies":[{"embeddable":true,"href":"http:\/\/atsalaplata.org.ar\/web\/wp-json\/wp\/v2\/comments?post=5448"}],"version-history":[{"count":1,"href":"http:\/\/atsalaplata.org.ar\/web\/wp-json\/wp\/v2\/posts\/5448\/revisions"}],"predecessor-version":[{"id":5454,"href":"http:\/\/atsalaplata.org.ar\/web\/wp-json\/wp\/v2\/posts\/5448\/revisions\/5454"}],"wp:attachment":[{"href":"http:\/\/atsalaplata.org.ar\/web\/wp-json\/wp\/v2\/media?parent=5448"}],"wp:term":[{"taxonomy":"category","embeddable":true,"href":"http:\/\/atsalaplata.org.ar\/web\/wp-json\/wp\/v2\/categories?post=5448"},{"taxonomy":"post_tag","embeddable":true,"href":"http:\/\/atsalaplata.org.ar\/web\/wp-json\/wp\/v2\/tags?post=5448"}],"curies":[{"name":"wp","href":"https:\/\/api.w.org\/{rel}","templated":true}]}}