{"id":5441,"date":"2017-05-15T19:44:57","date_gmt":"2017-05-15T19:44:57","guid":{"rendered":"http:\/\/www.atsalaplata.org.ar\/web\/?p=5441"},"modified":"2017-05-15T19:44:57","modified_gmt":"2017-05-15T19:44:57","slug":"semana-del-parto-respetado","status":"publish","type":"post","link":"http:\/\/atsalaplata.org.ar\/web\/2017\/05\/semana-del-parto-respetado\/","title":{"rendered":"SEMANA DEL PARTO RESPETADO"},"content":{"rendered":"<p>15 AL 19 DE MAYO<\/p>\n<p>El parto y el nacimiento respetado se fundamentan en la valoraci\u00f3n del mundo afectivo-emocional de las personas y las familias, la consideraci\u00f3n de los deseos y necesidades de sus protagonistas: madre, padre, hijo\/a y la libertad de las mujeres o las parejas para tomar decisiones sobre d\u00f3nde, c\u00f3mo y con qui\u00e9n parir, en uno de los momentos m\u00e1s conmovedores de su historia.<br \/>\nEl Poder Ejecutivo Nacional, el Congreso de la Naci\u00f3n, en agosto del a\u00f1o 2004, sancion\u00f3 la ley 25929, para garantizar el derecho a un parto natural, respetando las necesidades emocionales de la madre y el reci\u00e9n nacido, la intimidad y las pautas culturales, \u00e9tnicas y religiosas, as\u00ed como el acompa\u00f1amiento por el padre, o quien la mujer elija, durante el trabajo de parto, el nacimiento y la internaci\u00f3n. Rige para todo el sistema de salud \u2014p\u00fablico, obras sociales y prepagas\u2014 y su incumplimiento es falta grave.<\/p>\n","protected":false},"excerpt":{"rendered":"<p>15 AL 19 DE MAYO<\/p>\n<p>El parto y el nacimiento respetado se fundamentan en la valoraci\u00f3n del mundo afectivo-emocional de las personas y las familias&#8230;VER MAS<\/p>\n","protected":false},"author":2,"featured_media":5442,"comment_status":"closed","ping_status":"closed","sticky":false,"template":"","format":"standard","meta":{"footnotes":""},"categories":[98,85],"tags":[],"class_list":["post-5441","post","type-post","status-publish","format-standard","has-post-thumbnail","hentry","category-home","category-sec-de-prensa"],"_links":{"self":[{"href":"http:\/\/atsalaplata.org.ar\/web\/wp-json\/wp\/v2\/posts\/5441","targetHints":{"allow":["GET"]}}],"collection":[{"href":"http:\/\/atsalaplata.org.ar\/web\/wp-json\/wp\/v2\/posts"}],"about":[{"href":"http:\/\/atsalaplata.org.ar\/web\/wp-json\/wp\/v2\/types\/post"}],"author":[{"embeddable":true,"href":"http:\/\/atsalaplata.org.ar\/web\/wp-json\/wp\/v2\/users\/2"}],"replies":[{"embeddable":true,"href":"http:\/\/atsalaplata.org.ar\/web\/wp-json\/wp\/v2\/comments?post=5441"}],"version-history":[{"count":1,"href":"http:\/\/atsalaplata.org.ar\/web\/wp-json\/wp\/v2\/posts\/5441\/revisions"}],"predecessor-version":[{"id":5443,"href":"http:\/\/atsalaplata.org.ar\/web\/wp-json\/wp\/v2\/posts\/5441\/revisions\/5443"}],"wp:featuredmedia":[{"embeddable":true,"href":"http:\/\/atsalaplata.org.ar\/web\/wp-json\/wp\/v2\/media\/5442"}],"wp:attachment":[{"href":"http:\/\/atsalaplata.org.ar\/web\/wp-json\/wp\/v2\/media?parent=5441"}],"wp:term":[{"taxonomy":"category","embeddable":true,"href":"http:\/\/atsalaplata.org.ar\/web\/wp-json\/wp\/v2\/categories?post=5441"},{"taxonomy":"post_tag","embeddable":true,"href":"http:\/\/atsalaplata.org.ar\/web\/wp-json\/wp\/v2\/tags?post=5441"}],"curies":[{"name":"wp","href":"https:\/\/api.w.org\/{rel}","templated":true}]}}