{"id":22370,"date":"2026-09-03T14:33:56","date_gmt":"2026-09-03T17:33:56","guid":{"rendered":"https:\/\/atsalaplata.org.ar\/web\/?p=22370"},"modified":"2026-09-03T14:34:51","modified_gmt":"2026-09-03T17:34:51","slug":"curso-de-enfermeria-en-cuidados-criticos","status":"publish","type":"post","link":"http:\/\/atsalaplata.org.ar\/web\/2026\/09\/curso-de-enfermeria-en-cuidados-criticos\/","title":{"rendered":"Curso de \u00abEnfermer\u00eda en Cuidados cr\u00edticos\u00bb"},"content":{"rendered":"\n<p class=\"wp-block-paragraph\"><img loading=\"lazy\" decoding=\"async\" height=\"16\" width=\"16\" src=\"https:\/\/static.xx.fbcdn.net\/images\/emoji.php\/v9\/t25\/1\/16\/1f393.png\" alt=\"\ud83c\udf93\"><img loading=\"lazy\" decoding=\"async\" height=\"16\" width=\"16\" src=\"https:\/\/static.xx.fbcdn.net\/images\/emoji.php\/v9\/t7b\/1\/16\/1f3e5.png\" alt=\"\ud83c\udfe5\"> ATSA La Plata invita a sus afiliados y afiliadas a inscribirse en este proceso de formaci\u00f3n y aprendizaje presencial, que comenzar\u00e1 el lunes 14 de septiembre en nuestra Secretar\u00eda de Capacitaci\u00f3n, ubicada en calle 5, casi esquina 39. <img loading=\"lazy\" decoding=\"async\" height=\"16\" width=\"16\" src=\"https:\/\/static.xx.fbcdn.net\/images\/emoji.php\/v9\/t49\/1\/16\/1f4da.png\" alt=\"\ud83d\udcda\"><img loading=\"lazy\" decoding=\"async\" height=\"16\" width=\"16\" src=\"https:\/\/static.xx.fbcdn.net\/images\/emoji.php\/v9\/tf4\/1\/16\/2728.png\" alt=\"\u2728\"><\/p>\n\n\n\n<p class=\"wp-block-paragraph\"><img loading=\"lazy\" decoding=\"async\" height=\"16\" width=\"16\" alt=\"\ud83d\udcc6\" src=\"https:\/\/static.xx.fbcdn.net\/images\/emoji.php\/v9\/tff\/1\/16\/1f4c6.png\"> Inicio: 14\/09\/2026<\/p>\n\n\n\n<p class=\"wp-block-paragraph\"><img loading=\"lazy\" decoding=\"async\" height=\"16\" width=\"16\" alt=\"\ud83d\udd52\" src=\"https:\/\/static.xx.fbcdn.net\/images\/emoji.php\/v9\/taa\/1\/16\/1f552.png\"> Cursada presencial: lunes, de 15 a 20 horas<\/p>\n\n\n\n<p class=\"wp-block-paragraph\"><img loading=\"lazy\" decoding=\"async\" height=\"16\" width=\"16\" alt=\"\u23f3\" src=\"https:\/\/static.xx.fbcdn.net\/images\/emoji.php\/v9\/tb7\/1\/16\/23f3.png\"> Duraci\u00f3n: 8 meses<\/p>\n\n\n\n<p class=\"wp-block-paragraph\"><img loading=\"lazy\" decoding=\"async\" height=\"16\" width=\"16\" alt=\"\ud83d\udc65\" src=\"https:\/\/static.xx.fbcdn.net\/images\/emoji.php\/v9\/t8b\/1\/16\/1f465.png\"> CUPOS LIMITADOS<\/p>\n\n\n\n<p class=\"wp-block-paragraph\"><img loading=\"lazy\" decoding=\"async\" height=\"16\" width=\"16\" alt=\"\ud83c\udfc5\" src=\"https:\/\/static.xx.fbcdn.net\/images\/emoji.php\/v9\/t3d\/1\/16\/1f3c5.png\"> Certificaci\u00f3n oficial<\/p>\n\n\n\n<p class=\"wp-block-paragraph\">Aprobado por Resoluci\u00f3n 669\/16 del Ministerio de Educaci\u00f3n \u2013 Escuela Floreal Ferrara, Ministerio de Salud de la Provincia de Buenos Aires.<\/p>\n\n\n\n<p class=\"wp-block-paragraph\"><img loading=\"lazy\" decoding=\"async\" height=\"16\" width=\"16\" alt=\"\ud83d\udccc\" src=\"https:\/\/static.xx.fbcdn.net\/images\/emoji.php\/v9\/tac\/1\/16\/1f4cc.png\"> Requisitos:<\/p>\n\n\n\n<p class=\"wp-block-paragraph\"><img loading=\"lazy\" decoding=\"async\" height=\"16\" width=\"16\" alt=\"\ud83e\ude7a\" src=\"https:\/\/static.xx.fbcdn.net\/images\/emoji.php\/v9\/tc3\/1\/16\/1fa7a.png\"> T\u00edtulo de T\u00e9cnico Superior en Enfermer\u00eda<\/p>\n\n\n\n<p class=\"wp-block-paragraph\"><img loading=\"lazy\" decoding=\"async\" height=\"16\" width=\"16\" alt=\"\ud83d\udc99\" src=\"https:\/\/static.xx.fbcdn.net\/images\/emoji.php\/v9\/t6c\/1\/16\/1f499.png\"> Ser afiliado\/a al sindicato<\/p>\n\n\n\n<p class=\"wp-block-paragraph\"><img loading=\"lazy\" decoding=\"async\" height=\"16\" width=\"16\" alt=\"\ud83d\udcc4\" src=\"https:\/\/static.xx.fbcdn.net\/images\/emoji.php\/v9\/tfd\/1\/16\/1f4c4.png\"> Recibo de haberes<\/p>\n\n\n\n<p class=\"wp-block-paragraph\"><img loading=\"lazy\" decoding=\"async\" height=\"16\" width=\"16\" alt=\"\ud83e\udeaa\" src=\"https:\/\/static.xx.fbcdn.net\/images\/emoji.php\/v9\/td9\/1\/16\/1faaa.png\"> DNI, frente y dorso (original y copia)<\/p>\n\n\n\n<p class=\"wp-block-paragraph\">Te inscrib\u00eds AC\u00c1<img loading=\"lazy\" decoding=\"async\" height=\"16\" width=\"16\" alt=\"\u21aa\" src=\"https:\/\/static.xx.fbcdn.net\/images\/emoji.php\/v9\/t48\/1\/16\/21aa.png\">: <a href=\"https:\/\/forms.gle\/xvoGqHmAqMpxJhih6?fbclid=IwcGRvZgFleHRuA2FlbQIxMABicmlkETFyRGt0V25sT1NVZ2hjanFQc3J0YwZhcHBfaWQQMjIyMDM5MTc4ODIwMDg5MgABHlLMrpUcoXjUDKelCRmsq1AvIVoz2qBD3NIGmHurtRG_U6cTpD9uYCTmah_b_aem_KsTX9dD1ziHRpFdm9TP0oA\" rel=\"noopener\" target=\"_blank\">https:\/\/forms.gle\/xvoGqHmAqMpxJhih6<\/a><\/p>\n\n\n\n<p class=\"wp-block-paragraph\"><img loading=\"lazy\" decoding=\"async\" height=\"16\" width=\"16\" alt=\"\ud83d\udcf2\" src=\"https:\/\/static.xx.fbcdn.net\/images\/emoji.php\/v9\/td8\/1\/16\/1f4f2.png\"> Para m\u00e1s informaci\u00f3n, escribinos por WhatsApp (solo mensajes de texto) a la Secretar\u00eda de Capacitaci\u00f3n: 221 680-8617<\/p>\n\n\n\n<p class=\"wp-block-paragraph\">\u00a1Una nueva oportunidad para seguir creciendo y fortaleciendo la formaci\u00f3n profesional! <img loading=\"lazy\" decoding=\"async\" height=\"16\" width=\"16\" alt=\"\ud83d\udcaa\" src=\"https:\/\/static.xx.fbcdn.net\/images\/emoji.php\/v9\/t6c\/1\/16\/1f4aa.png\"><img loading=\"lazy\" decoding=\"async\" height=\"16\" width=\"16\" alt=\"\ud83d\udcda\" src=\"https:\/\/static.xx.fbcdn.net\/images\/emoji.php\/v9\/t49\/1\/16\/1f4da.png\"><img loading=\"lazy\" decoding=\"async\" height=\"16\" width=\"16\" alt=\"\ud83d\udc99\" src=\"https:\/\/static.xx.fbcdn.net\/images\/emoji.php\/v9\/t6c\/1\/16\/1f499.png\"><\/p>\n\n\n\n<p class=\"wp-block-paragraph\"><a href=\"https:\/\/www.facebook.com\/hashtag\/atsalaplata?__cft__[0]=AZgiY_2cexSh5bc6v6jb-QH9Qv-xn6oRTiK1zosr-GAwFinuIXcamDXlQkYKIjTpQS15w4rdTiM8fKLgjaUsfDwwaAIkcXj3UKj7oJh_ijIKGKAhA3BjPqSb0-83RnjmtG8eoLqmrgeCQ7umQ0xY6m70P6sSfwtGmzj2BHipKgxZIV_EJn3prC91_EQ&amp;__tn__=*NK-R\">#ATSALaPlata<\/a><a href=\"https:\/\/www.facebook.com\/hashtag\/agrupaci%C3%B3nazulyblanca?__cft__[0]=AZgiY_2cexSh5bc6v6jb-QH9Qv-xn6oRTiK1zosr-GAwFinuIXcamDXlQkYKIjTpQS15w4rdTiM8fKLgjaUsfDwwaAIkcXj3UKj7oJh_ijIKGKAhA3BjPqSb0-83RnjmtG8eoLqmrgeCQ7umQ0xY6m70P6sSfwtGmzj2BHipKgxZIV_EJn3prC91_EQ&amp;__tn__=*NK-R\">#Agrupaci\u00f3nAzulYBlanca<\/a><a href=\"https:\/\/www.facebook.com\/hashtag\/secretar%C3%ADadecapacitaci%C3%B3n?__cft__[0]=AZgiY_2cexSh5bc6v6jb-QH9Qv-xn6oRTiK1zosr-GAwFinuIXcamDXlQkYKIjTpQS15w4rdTiM8fKLgjaUsfDwwaAIkcXj3UKj7oJh_ijIKGKAhA3BjPqSb0-83RnjmtG8eoLqmrgeCQ7umQ0xY6m70P6sSfwtGmzj2BHipKgxZIV_EJn3prC91_EQ&amp;__tn__=*NK-R\">#Secretar\u00edaDeCapacitaci\u00f3n<\/a><a href=\"https:\/\/www.facebook.com\/hashtag\/enfermer%C3%ADa?__cft__[0]=AZgiY_2cexSh5bc6v6jb-QH9Qv-xn6oRTiK1zosr-GAwFinuIXcamDXlQkYKIjTpQS15w4rdTiM8fKLgjaUsfDwwaAIkcXj3UKj7oJh_ijIKGKAhA3BjPqSb0-83RnjmtG8eoLqmrgeCQ7umQ0xY6m70P6sSfwtGmzj2BHipKgxZIV_EJn3prC91_EQ&amp;__tn__=*NK-R\">#Enfermer\u00eda<\/a><a href=\"https:\/\/www.facebook.com\/hashtag\/cuidadoscr%C3%ADticos?__cft__[0]=AZgiY_2cexSh5bc6v6jb-QH9Qv-xn6oRTiK1zosr-GAwFinuIXcamDXlQkYKIjTpQS15w4rdTiM8fKLgjaUsfDwwaAIkcXj3UKj7oJh_ijIKGKAhA3BjPqSb0-83RnjmtG8eoLqmrgeCQ7umQ0xY6m70P6sSfwtGmzj2BHipKgxZIV_EJn3prC91_EQ&amp;__tn__=*NK-R\">#CuidadosCr\u00edticos<\/a><a href=\"https:\/\/www.facebook.com\/hashtag\/capacitaci%C3%B3n?__cft__[0]=AZgiY_2cexSh5bc6v6jb-QH9Qv-xn6oRTiK1zosr-GAwFinuIXcamDXlQkYKIjTpQS15w4rdTiM8fKLgjaUsfDwwaAIkcXj3UKj7oJh_ijIKGKAhA3BjPqSb0-83RnjmtG8eoLqmrgeCQ7umQ0xY6m70P6sSfwtGmzj2BHipKgxZIV_EJn3prC91_EQ&amp;__tn__=*NK-R\">#Capacitaci\u00f3n<\/a><\/p>\n\n\n\n<figure class=\"wp-block-gallery has-nested-images columns-default is-cropped wp-block-gallery-1 is-layout-flex wp-block-gallery-is-layout-flex\">\n<figure class=\"wp-block-image size-full\"><img decoding=\"async\" data-id=\"22371\" src=\"https:\/\/atsalaplata.org.ar\/web\/wp-content\/uploads\/2026\/09\/WhatsApp-Image-2026-09-03-at-13.06.22.jpeg\" alt=\"\" class=\"wp-image-22371\"\/><\/figure>\n<\/figure>\n\n\n\n<p class=\"wp-block-paragraph\"><\/p>\n","protected":false},"excerpt":{"rendered":"<p>ATSA La Plata invita a sus afiliados y afiliadas a inscribirse en este proceso de&#8230;<\/p>\n","protected":false},"author":2,"featured_media":22371,"comment_status":"closed","ping_status":"open","sticky":false,"template":"","format":"standard","meta":{"footnotes":""},"categories":[146,98,147,81,84,85,148],"tags":[],"class_list":["post-22370","post","type-post","status-publish","format-standard","has-post-thumbnail","hentry","category-destacado","category-home","category-novedades","category-salud","category-sec-capacitacion","category-sec-de-prensa","category-ultimas-noticias"],"_links":{"self":[{"href":"http:\/\/atsalaplata.org.ar\/web\/wp-json\/wp\/v2\/posts\/22370","targetHints":{"allow":["GET"]}}],"collection":[{"href":"http:\/\/atsalaplata.org.ar\/web\/wp-json\/wp\/v2\/posts"}],"about":[{"href":"http:\/\/atsalaplata.org.ar\/web\/wp-json\/wp\/v2\/types\/post"}],"author":[{"embeddable":true,"href":"http:\/\/atsalaplata.org.ar\/web\/wp-json\/wp\/v2\/users\/2"}],"replies":[{"embeddable":true,"href":"http:\/\/atsalaplata.org.ar\/web\/wp-json\/wp\/v2\/comments?post=22370"}],"version-history":[{"count":1,"href":"http:\/\/atsalaplata.org.ar\/web\/wp-json\/wp\/v2\/posts\/22370\/revisions"}],"predecessor-version":[{"id":22372,"href":"http:\/\/atsalaplata.org.ar\/web\/wp-json\/wp\/v2\/posts\/22370\/revisions\/22372"}],"wp:featuredmedia":[{"embeddable":true,"href":"http:\/\/atsalaplata.org.ar\/web\/wp-json\/wp\/v2\/media\/22371"}],"wp:attachment":[{"href":"http:\/\/atsalaplata.org.ar\/web\/wp-json\/wp\/v2\/media?parent=22370"}],"wp:term":[{"taxonomy":"category","embeddable":true,"href":"http:\/\/atsalaplata.org.ar\/web\/wp-json\/wp\/v2\/categories?post=22370"},{"taxonomy":"post_tag","embeddable":true,"href":"http:\/\/atsalaplata.org.ar\/web\/wp-json\/wp\/v2\/tags?post=22370"}],"curies":[{"name":"wp","href":"https:\/\/api.w.org\/{rel}","templated":true}]}}