{"id":22361,"date":"2026-09-02T09:56:15","date_gmt":"2026-09-02T12:56:15","guid":{"rendered":"https:\/\/atsalaplata.org.ar\/web\/?p=22361"},"modified":"2026-09-02T09:56:15","modified_gmt":"2026-09-02T12:56:15","slug":"comenzo-el-curso-de-auxiliar-en-atencion-al-publico","status":"publish","type":"post","link":"http:\/\/atsalaplata.org.ar\/web\/2026\/09\/comenzo-el-curso-de-auxiliar-en-atencion-al-publico\/","title":{"rendered":"Comenz\u00f3 el curso de Auxiliar en Atenci\u00f3n al P\u00fablico"},"content":{"rendered":"\n<p class=\"wp-block-paragraph\">\ud83d\udcda\u2728 Inicio del curso de Auxiliar en Atenci\u00f3n al P\u00fablico en instituciones de salud<\/p>\n\n\n\n<p class=\"wp-block-paragraph\">En el marco del convenio entre nuestro sindicato y el centro de formaci\u00f3n laboral, se desarroll\u00f3 el primer encuentro de aprendizaje con m\u00e1s de 20 inscriptos.&nbsp;<\/p>\n\n\n\n<p class=\"wp-block-paragraph\">El mismo tendr\u00e1 una duraci\u00f3n de 3 meses, y ser\u00e1 dictado por la Lic. Irene de los Santos; el Ing. Franco Temoche y el Ing. Carmelo Tolosa.<\/p>\n\n\n\n<p class=\"wp-block-paragraph\">Durante las clases, se abordar\u00e1n diversos temas de&nbsp; comunicaci\u00f3n efectiva, resoluci\u00f3n de conflictos, herramientas inform\u00e1ticas, seguridad del trabajador, entre otros.<\/p>\n\n\n\n<p class=\"wp-block-paragraph\">Desde ATSA La Plata \u2013 Tandil seguimos generando oportunidades de capacitaci\u00f3n y formaci\u00f3n para nuestros trabajadores y la comunidad.<\/p>\n\n\n\n<p class=\"wp-block-paragraph\">\ud83d\udc99 Capacitarse es sumar herramientas, oportunidades y nuevas posibilidades para el futuro.<\/p>\n\n\n\n<p class=\"wp-block-paragraph\">Secretario General, Lic. Ropat Jorge.<\/p>\n\n\n\n<p class=\"wp-block-paragraph\">Sec. adjunto, Ferrari Ezequiel.&nbsp;<\/p>\n\n\n\n<p class=\"wp-block-paragraph\">#AtsaLaPlata #Agrupaci\u00f3nAzulYBlanca #Secretar\u00edaDeCapacitaci\u00f3n #TrabajadoresDeLaSalud<\/p>\n\n\n\n<figure class=\"wp-block-gallery has-nested-images columns-default is-cropped wp-block-gallery-1 is-layout-flex wp-block-gallery-is-layout-flex\">\n\n\n\n\n\n\n\n<\/figure>\n","protected":false},"excerpt":{"rendered":"<p>\ud83d\udcda\u2728 Inicio del curso de Auxiliar en Atenci\u00f3n al P\u00fablico en instituciones de salud En&#8230;<\/p>\n","protected":false},"author":2,"featured_media":22363,"comment_status":"closed","ping_status":"open","sticky":false,"template":"","format":"standard","meta":{"footnotes":""},"categories":[86,146,147,81,84,85,148],"tags":[],"class_list":["post-22361","post","type-post","status-publish","format-standard","has-post-thumbnail","hentry","category-afiliado","category-destacado","category-novedades","category-salud","category-sec-capacitacion","category-sec-de-prensa","category-ultimas-noticias"],"_links":{"self":[{"href":"http:\/\/atsalaplata.org.ar\/web\/wp-json\/wp\/v2\/posts\/22361","targetHints":{"allow":["GET"]}}],"collection":[{"href":"http:\/\/atsalaplata.org.ar\/web\/wp-json\/wp\/v2\/posts"}],"about":[{"href":"http:\/\/atsalaplata.org.ar\/web\/wp-json\/wp\/v2\/types\/post"}],"author":[{"embeddable":true,"href":"http:\/\/atsalaplata.org.ar\/web\/wp-json\/wp\/v2\/users\/2"}],"replies":[{"embeddable":true,"href":"http:\/\/atsalaplata.org.ar\/web\/wp-json\/wp\/v2\/comments?post=22361"}],"version-history":[{"count":1,"href":"http:\/\/atsalaplata.org.ar\/web\/wp-json\/wp\/v2\/posts\/22361\/revisions"}],"predecessor-version":[{"id":22368,"href":"http:\/\/atsalaplata.org.ar\/web\/wp-json\/wp\/v2\/posts\/22361\/revisions\/22368"}],"wp:featuredmedia":[{"embeddable":true,"href":"http:\/\/atsalaplata.org.ar\/web\/wp-json\/wp\/v2\/media\/22363"}],"wp:attachment":[{"href":"http:\/\/atsalaplata.org.ar\/web\/wp-json\/wp\/v2\/media?parent=22361"}],"wp:term":[{"taxonomy":"category","embeddable":true,"href":"http:\/\/atsalaplata.org.ar\/web\/wp-json\/wp\/v2\/categories?post=22361"},{"taxonomy":"post_tag","embeddable":true,"href":"http:\/\/atsalaplata.org.ar\/web\/wp-json\/wp\/v2\/tags?post=22361"}],"curies":[{"name":"wp","href":"https:\/\/api.w.org\/{rel}","templated":true}]}}