{"id":22351,"date":"2026-08-31T10:45:48","date_gmt":"2026-08-31T13:45:48","guid":{"rendered":"https:\/\/atsalaplata.org.ar\/web\/?p=22351"},"modified":"2026-08-31T10:45:49","modified_gmt":"2026-08-31T13:45:49","slug":"congreso-general-ordinario-de-delegados-ssp","status":"publish","type":"post","link":"http:\/\/atsalaplata.org.ar\/web\/2026\/08\/congreso-general-ordinario-de-delegados-ssp\/","title":{"rendered":"Congreso General Ordinario de Delegados SSP"},"content":{"rendered":"\n<p class=\"wp-block-paragraph\">\ud83d\udce3 Congreso General Ordinario de Delegados Congresales 2026 del Sindicato de Salud P\u00fablica<\/p>\n\n\n\n<p class=\"wp-block-paragraph\">El pasado viernes 28 de agosto fuimos invitados a participar de la jornada de cierre del Congreso General Ordinario de Delegados Congresales 2026, realizado en el predio del Sindicato de Salud P\u00fablica y bajo el lema \u201cFortaleciendo el Futuro\u201d. \u2728<\/p>\n\n\n\n<p class=\"wp-block-paragraph\">El encuentro fue encabezado por el presidente del Congreso y secretario general del SSP, Miguel Zubieta. Entre los expositores, tom\u00f3 la palabra el tesorero de la FATSA y senador provincial, Pedro Borgini, quien expres\u00f3 su orgullo por participar de esta instancia junto a compa\u00f1eros y compa\u00f1eras. \ud83e\udd1d<\/p>\n\n\n\n<p class=\"wp-block-paragraph\">A su vez, nuestro secretario general, Lic. Jorge Ropat, destac\u00f3 la necesidad de \u201cseguir manteniendo nuestras leyes laborales y nuestros convenios colectivos\u201d, y agreg\u00f3: \u201cNo es s\u00f3lo cuesti\u00f3n de hablar de paritarias o sueldo\u201d.<\/p>\n\n\n\n<p class=\"wp-block-paragraph\">Finalmente, se procedi\u00f3 a la lectura del Acta de Cierre del Congreso Ordinario 2026, con su correspondiente aprobaci\u00f3n y r\u00fabrica.<\/p>\n\n\n\n<p class=\"wp-block-paragraph\">Desde ATSA La Plata, celebramos y agradecemos la invitaci\u00f3n a este Congreso, reafirmando la importancia de continuar construyendo juntos sindicatos m\u00e1s solidarios, unidos y organizados. \ud83d\udcaa\ud83d\udc99<\/p>\n\n\n\n<p class=\"wp-block-paragraph\">Secretario General: Lic. Jorge Ropat<\/p>\n\n\n\n<p class=\"wp-block-paragraph\">Secretario Adjunto: Ezequiel Ferrari<\/p>\n\n\n\n<p class=\"wp-block-paragraph\">#ATSALaPlata #LaAzulYBlanca #CongresoDeDelegados #2026 #Sanidad #SindicatoDeSaludP\u00fablica<\/p>\n\n\n\n<figure class=\"wp-block-gallery has-nested-images columns-default is-cropped wp-block-gallery-1 is-layout-flex wp-block-gallery-is-layout-flex\">\n<figure class=\"wp-block-image size-full\"><img loading=\"lazy\" decoding=\"async\" width=\"1080\" height=\"1350\" data-id=\"22352\" src=\"https:\/\/atsalaplata.org.ar\/web\/wp-content\/uploads\/2026\/08\/WhatsApp-Image-2026-08-31-at-10.12.02-6.jpeg\" alt=\"\" class=\"wp-image-22352\" srcset=\"http:\/\/atsalaplata.org.ar\/web\/wp-content\/uploads\/2026\/08\/WhatsApp-Image-2026-08-31-at-10.12.02-6.jpeg 1080w, http:\/\/atsalaplata.org.ar\/web\/wp-content\/uploads\/2026\/08\/WhatsApp-Image-2026-08-31-at-10.12.02-6-768x960.jpeg 768w, http:\/\/atsalaplata.org.ar\/web\/wp-content\/uploads\/2026\/08\/WhatsApp-Image-2026-08-31-at-10.12.02-6-1024x1280.jpeg 1024w\" sizes=\"auto, (max-width: 1080px) 100vw, 1080px\" \/><\/figure>\n\n\n\n<figure class=\"wp-block-image size-full\"><img loading=\"lazy\" decoding=\"async\" width=\"1080\" height=\"1350\" data-id=\"22353\" src=\"https:\/\/atsalaplata.org.ar\/web\/wp-content\/uploads\/2026\/08\/WhatsApp-Image-2026-08-31-at-10.12.02-5.jpeg\" alt=\"\" class=\"wp-image-22353\" srcset=\"http:\/\/atsalaplata.org.ar\/web\/wp-content\/uploads\/2026\/08\/WhatsApp-Image-2026-08-31-at-10.12.02-5.jpeg 1080w, http:\/\/atsalaplata.org.ar\/web\/wp-content\/uploads\/2026\/08\/WhatsApp-Image-2026-08-31-at-10.12.02-5-768x960.jpeg 768w, http:\/\/atsalaplata.org.ar\/web\/wp-content\/uploads\/2026\/08\/WhatsApp-Image-2026-08-31-at-10.12.02-5-1024x1280.jpeg 1024w\" sizes=\"auto, (max-width: 1080px) 100vw, 1080px\" \/><\/figure>\n\n\n\n<figure class=\"wp-block-image size-full\"><img loading=\"lazy\" decoding=\"async\" width=\"1080\" height=\"1350\" data-id=\"22354\" src=\"https:\/\/atsalaplata.org.ar\/web\/wp-content\/uploads\/2026\/08\/WhatsApp-Image-2026-08-31-at-10.12.02-4.jpeg\" alt=\"\" class=\"wp-image-22354\" srcset=\"http:\/\/atsalaplata.org.ar\/web\/wp-content\/uploads\/2026\/08\/WhatsApp-Image-2026-08-31-at-10.12.02-4.jpeg 1080w, http:\/\/atsalaplata.org.ar\/web\/wp-content\/uploads\/2026\/08\/WhatsApp-Image-2026-08-31-at-10.12.02-4-768x960.jpeg 768w, http:\/\/atsalaplata.org.ar\/web\/wp-content\/uploads\/2026\/08\/WhatsApp-Image-2026-08-31-at-10.12.02-4-1024x1280.jpeg 1024w\" sizes=\"auto, (max-width: 1080px) 100vw, 1080px\" \/><\/figure>\n\n\n\n<figure class=\"wp-block-image size-full\"><img loading=\"lazy\" decoding=\"async\" width=\"1080\" height=\"1350\" data-id=\"22355\" src=\"https:\/\/atsalaplata.org.ar\/web\/wp-content\/uploads\/2026\/08\/WhatsApp-Image-2026-08-31-at-10.12.02-3.jpeg\" alt=\"\" class=\"wp-image-22355\" srcset=\"http:\/\/atsalaplata.org.ar\/web\/wp-content\/uploads\/2026\/08\/WhatsApp-Image-2026-08-31-at-10.12.02-3.jpeg 1080w, http:\/\/atsalaplata.org.ar\/web\/wp-content\/uploads\/2026\/08\/WhatsApp-Image-2026-08-31-at-10.12.02-3-768x960.jpeg 768w, http:\/\/atsalaplata.org.ar\/web\/wp-content\/uploads\/2026\/08\/WhatsApp-Image-2026-08-31-at-10.12.02-3-1024x1280.jpeg 1024w\" sizes=\"auto, (max-width: 1080px) 100vw, 1080px\" \/><\/figure>\n\n\n\n<figure class=\"wp-block-image size-full\"><img loading=\"lazy\" decoding=\"async\" width=\"1080\" height=\"1350\" data-id=\"22356\" src=\"https:\/\/atsalaplata.org.ar\/web\/wp-content\/uploads\/2026\/08\/WhatsApp-Image-2026-08-31-at-10.12.02-2.jpeg\" alt=\"\" class=\"wp-image-22356\" srcset=\"http:\/\/atsalaplata.org.ar\/web\/wp-content\/uploads\/2026\/08\/WhatsApp-Image-2026-08-31-at-10.12.02-2.jpeg 1080w, http:\/\/atsalaplata.org.ar\/web\/wp-content\/uploads\/2026\/08\/WhatsApp-Image-2026-08-31-at-10.12.02-2-1024x1280.jpeg 1024w, http:\/\/atsalaplata.org.ar\/web\/wp-content\/uploads\/2026\/08\/WhatsApp-Image-2026-08-31-at-10.12.02-2-768x960.jpeg 768w\" sizes=\"auto, (max-width: 1080px) 100vw, 1080px\" \/><\/figure>\n\n\n\n<figure class=\"wp-block-image size-full\"><img loading=\"lazy\" decoding=\"async\" width=\"1080\" height=\"1350\" data-id=\"22357\" src=\"https:\/\/atsalaplata.org.ar\/web\/wp-content\/uploads\/2026\/08\/WhatsApp-Image-2026-08-31-at-10.12.02-1.jpeg\" alt=\"\" class=\"wp-image-22357\" srcset=\"http:\/\/atsalaplata.org.ar\/web\/wp-content\/uploads\/2026\/08\/WhatsApp-Image-2026-08-31-at-10.12.02-1.jpeg 1080w, http:\/\/atsalaplata.org.ar\/web\/wp-content\/uploads\/2026\/08\/WhatsApp-Image-2026-08-31-at-10.12.02-1-768x960.jpeg 768w, http:\/\/atsalaplata.org.ar\/web\/wp-content\/uploads\/2026\/08\/WhatsApp-Image-2026-08-31-at-10.12.02-1-1024x1280.jpeg 1024w\" sizes=\"auto, (max-width: 1080px) 100vw, 1080px\" \/><\/figure>\n\n\n\n<figure class=\"wp-block-image size-full\"><img loading=\"lazy\" decoding=\"async\" width=\"1080\" height=\"1350\" data-id=\"22358\" src=\"https:\/\/atsalaplata.org.ar\/web\/wp-content\/uploads\/2026\/08\/WhatsApp-Image-2026-08-31-at-10.12.02.jpeg\" alt=\"\" class=\"wp-image-22358\" srcset=\"http:\/\/atsalaplata.org.ar\/web\/wp-content\/uploads\/2026\/08\/WhatsApp-Image-2026-08-31-at-10.12.02.jpeg 1080w, http:\/\/atsalaplata.org.ar\/web\/wp-content\/uploads\/2026\/08\/WhatsApp-Image-2026-08-31-at-10.12.02-768x960.jpeg 768w, http:\/\/atsalaplata.org.ar\/web\/wp-content\/uploads\/2026\/08\/WhatsApp-Image-2026-08-31-at-10.12.02-1024x1280.jpeg 1024w\" sizes=\"auto, (max-width: 1080px) 100vw, 1080px\" \/><\/figure>\n\n\n\n<figure class=\"wp-block-image size-full\"><img decoding=\"async\" data-id=\"22359\" src=\"https:\/\/atsalaplata.org.ar\/web\/wp-content\/uploads\/2026\/08\/WhatsApp-Image-2026-08-31-at-10.12.01.jpeg\" alt=\"\" class=\"wp-image-22359\"\/><\/figure>\n<\/figure>\n","protected":false},"excerpt":{"rendered":"<p>\ud83d\udce3 Congreso General Ordinario de Delegados Congresales 2026 del Sindicato de Salud P\u00fablica El pasado&#8230;<\/p>\n","protected":false},"author":2,"featured_media":22359,"comment_status":"closed","ping_status":"open","sticky":false,"template":"","format":"standard","meta":{"footnotes":""},"categories":[146,98,147,85,148],"tags":[],"class_list":["post-22351","post","type-post","status-publish","format-standard","has-post-thumbnail","hentry","category-destacado","category-home","category-novedades","category-sec-de-prensa","category-ultimas-noticias"],"_links":{"self":[{"href":"http:\/\/atsalaplata.org.ar\/web\/wp-json\/wp\/v2\/posts\/22351","targetHints":{"allow":["GET"]}}],"collection":[{"href":"http:\/\/atsalaplata.org.ar\/web\/wp-json\/wp\/v2\/posts"}],"about":[{"href":"http:\/\/atsalaplata.org.ar\/web\/wp-json\/wp\/v2\/types\/post"}],"author":[{"embeddable":true,"href":"http:\/\/atsalaplata.org.ar\/web\/wp-json\/wp\/v2\/users\/2"}],"replies":[{"embeddable":true,"href":"http:\/\/atsalaplata.org.ar\/web\/wp-json\/wp\/v2\/comments?post=22351"}],"version-history":[{"count":1,"href":"http:\/\/atsalaplata.org.ar\/web\/wp-json\/wp\/v2\/posts\/22351\/revisions"}],"predecessor-version":[{"id":22360,"href":"http:\/\/atsalaplata.org.ar\/web\/wp-json\/wp\/v2\/posts\/22351\/revisions\/22360"}],"wp:featuredmedia":[{"embeddable":true,"href":"http:\/\/atsalaplata.org.ar\/web\/wp-json\/wp\/v2\/media\/22359"}],"wp:attachment":[{"href":"http:\/\/atsalaplata.org.ar\/web\/wp-json\/wp\/v2\/media?parent=22351"}],"wp:term":[{"taxonomy":"category","embeddable":true,"href":"http:\/\/atsalaplata.org.ar\/web\/wp-json\/wp\/v2\/categories?post=22351"},{"taxonomy":"post_tag","embeddable":true,"href":"http:\/\/atsalaplata.org.ar\/web\/wp-json\/wp\/v2\/tags?post=22351"}],"curies":[{"name":"wp","href":"https:\/\/api.w.org\/{rel}","templated":true}]}}