{"id":21734,"date":"2026-05-03T00:00:00","date_gmt":"2026-05-03T03:00:00","guid":{"rendered":"https:\/\/atsalaplata.org.ar\/web\/?p=21734"},"modified":"2026-04-30T14:50:08","modified_gmt":"2026-04-30T17:50:08","slug":"dia-del-acompanante-terapeutico-5","status":"publish","type":"post","link":"http:\/\/atsalaplata.org.ar\/web\/2026\/05\/dia-del-acompanante-terapeutico-5\/","title":{"rendered":"D\u00eda del Acompa\u00f1ante Terap\u00e9utico"},"content":{"rendered":"\n<p>\ud83d\udd90\ufe0f En Argentina, cada 3 de mayo celebramos el D\u00eda del Acompa\u00f1ante Terap\u00e9utico, en conmemoraci\u00f3n de la creaci\u00f3n de la Asociaci\u00f3n Acompa\u00f1antes Terap\u00e9uticos de la Rep\u00fablica Argentina en 2003.<\/p>\n\n\n\n<p>\ud83d\udc99 Una fecha que pone en valor la enorme tarea de quienes acompa\u00f1an, contienen y sostienen procesos fundamentales en la salud mental, siendo parte clave en la continuidad de los tratamientos.<\/p>\n\n\n\n<p>\ud83d\udc65 Los\/as acompa\u00f1antes terap\u00e9uticos (AT) trabajan codo a codo con psic\u00f3logos, psiquiatras y otros profesionales de la salud, brindando apoyo a personas que atraviesan distintos desaf\u00edos emocionales, psicol\u00f3gicos o f\u00edsicos.<\/p>\n\n\n\n<p>\u2728 Su compromiso, empat\u00eda y vocaci\u00f3n hacen la diferencia todos los d\u00edas.<\/p>\n\n\n\n<p>#SanidadAtsaLaPlata #SiempreJuntoAVos #D\u00edaDelAcompa\u00f1anteTerap\u00e9utico<\/p>\n\n\n\n<p><\/p>\n","protected":false},"excerpt":{"rendered":"<p>\ud83d\udd90\ufe0f En Argentina, cada 3 de mayo celebramos el D\u00eda del Acompa\u00f1ante Terap\u00e9utico, en conmemoraci\u00f3n&#8230;<\/p>\n","protected":false},"author":2,"featured_media":21735,"comment_status":"closed","ping_status":"open","sticky":false,"template":"","format":"standard","meta":{"footnotes":""},"categories":[86,146,98,147,85,148],"tags":[],"class_list":["post-21734","post","type-post","status-publish","format-standard","has-post-thumbnail","hentry","category-afiliado","category-destacado","category-home","category-novedades","category-sec-de-prensa","category-ultimas-noticias"],"_links":{"self":[{"href":"http:\/\/atsalaplata.org.ar\/web\/wp-json\/wp\/v2\/posts\/21734","targetHints":{"allow":["GET"]}}],"collection":[{"href":"http:\/\/atsalaplata.org.ar\/web\/wp-json\/wp\/v2\/posts"}],"about":[{"href":"http:\/\/atsalaplata.org.ar\/web\/wp-json\/wp\/v2\/types\/post"}],"author":[{"embeddable":true,"href":"http:\/\/atsalaplata.org.ar\/web\/wp-json\/wp\/v2\/users\/2"}],"replies":[{"embeddable":true,"href":"http:\/\/atsalaplata.org.ar\/web\/wp-json\/wp\/v2\/comments?post=21734"}],"version-history":[{"count":1,"href":"http:\/\/atsalaplata.org.ar\/web\/wp-json\/wp\/v2\/posts\/21734\/revisions"}],"predecessor-version":[{"id":21736,"href":"http:\/\/atsalaplata.org.ar\/web\/wp-json\/wp\/v2\/posts\/21734\/revisions\/21736"}],"wp:featuredmedia":[{"embeddable":true,"href":"http:\/\/atsalaplata.org.ar\/web\/wp-json\/wp\/v2\/media\/21735"}],"wp:attachment":[{"href":"http:\/\/atsalaplata.org.ar\/web\/wp-json\/wp\/v2\/media?parent=21734"}],"wp:term":[{"taxonomy":"category","embeddable":true,"href":"http:\/\/atsalaplata.org.ar\/web\/wp-json\/wp\/v2\/categories?post=21734"},{"taxonomy":"post_tag","embeddable":true,"href":"http:\/\/atsalaplata.org.ar\/web\/wp-json\/wp\/v2\/tags?post=21734"}],"curies":[{"name":"wp","href":"https:\/\/api.w.org\/{rel}","templated":true}]}}