{"id":21731,"date":"2026-05-01T00:00:00","date_gmt":"2026-05-01T03:00:00","guid":{"rendered":"https:\/\/atsalaplata.org.ar\/web\/?p=21731"},"modified":"2026-04-30T13:23:02","modified_gmt":"2026-04-30T16:23:02","slug":"dia-de-la-constitucion-argentina-3","status":"publish","type":"post","link":"http:\/\/atsalaplata.org.ar\/web\/2026\/05\/dia-de-la-constitucion-argentina-3\/","title":{"rendered":"D\u00eda de la Constituci\u00f3n Argentina"},"content":{"rendered":"\n<p><strong>\ud83c\udde6\ud83c\uddf7\ud83d\udcdc Un pilar fundamental de nuestra historia y de la vida democr\u00e1tica\u2026<\/strong><\/p>\n\n\n\n<p><strong>Hoy celebramos el D\u00eda de la Constituci\u00f3n Argentina, una fecha que nos invita a reflexionar sobre los valores que sostienen nuestra organizaci\u00f3n como pa\u00eds: la justicia, la libertad y la igualdad.<\/strong><\/p>\n\n\n\n<p><strong>\ud83d\udcc5 El 1 de mayo de 1853, en la ciudad de Santa Fe, el Congreso Constituyente sancion\u00f3 la Constituci\u00f3n de la Confederaci\u00f3n Argentina, sentando las bases institucionales de nuestra Naci\u00f3n y estableciendo derechos y garant\u00edas fundamentales para todos los ciudadanos.<\/strong><\/p>\n\n\n\n<p><strong>\u2696\ufe0f A lo largo del tiempo, nuestra Constituci\u00f3n fue reformada para acompa\u00f1ar los cambios sociales, manteniendo siempre su esp\u00edritu de construir una sociedad m\u00e1s justa, democr\u00e1tica y solidaria.<\/strong><\/p>\n\n\n\n<p><strong>\ud83e\udd1d Hoy m\u00e1s que nunca, reafirmamos la importancia de defenderla y hacerla valer cada d\u00eda, como herramienta clave para garantizar derechos y fortalecer la convivencia en comunidad.<\/strong><\/p>\n\n\n\n<p><strong>\ud83d\udc99 Desde ATSA La Plata, seguimos comprometidos con esos valores que nos unen como sociedad.<\/strong><\/p>\n\n\n\n<p><strong>#SanidadATSALaPlata #SiempreJuntoAVos #Constituci\u00f3nArgentina #1DeMayo #Democracia #Derechos #HistoriaArgentina<\/strong><\/p>\n\n\n\n<p><\/p>\n\n\n\n<p><\/p>\n","protected":false},"excerpt":{"rendered":"<p>\ud83c\udde6\ud83c\uddf7\ud83d\udcdc Un pilar fundamental de nuestra historia y de la vida democr\u00e1tica\u2026 Hoy celebramos el&#8230;<\/p>\n","protected":false},"author":2,"featured_media":21732,"comment_status":"closed","ping_status":"open","sticky":false,"template":"","format":"standard","meta":{"footnotes":""},"categories":[86,146,98,147,85,148],"tags":[],"class_list":["post-21731","post","type-post","status-publish","format-standard","has-post-thumbnail","hentry","category-afiliado","category-destacado","category-home","category-novedades","category-sec-de-prensa","category-ultimas-noticias"],"_links":{"self":[{"href":"http:\/\/atsalaplata.org.ar\/web\/wp-json\/wp\/v2\/posts\/21731","targetHints":{"allow":["GET"]}}],"collection":[{"href":"http:\/\/atsalaplata.org.ar\/web\/wp-json\/wp\/v2\/posts"}],"about":[{"href":"http:\/\/atsalaplata.org.ar\/web\/wp-json\/wp\/v2\/types\/post"}],"author":[{"embeddable":true,"href":"http:\/\/atsalaplata.org.ar\/web\/wp-json\/wp\/v2\/users\/2"}],"replies":[{"embeddable":true,"href":"http:\/\/atsalaplata.org.ar\/web\/wp-json\/wp\/v2\/comments?post=21731"}],"version-history":[{"count":1,"href":"http:\/\/atsalaplata.org.ar\/web\/wp-json\/wp\/v2\/posts\/21731\/revisions"}],"predecessor-version":[{"id":21733,"href":"http:\/\/atsalaplata.org.ar\/web\/wp-json\/wp\/v2\/posts\/21731\/revisions\/21733"}],"wp:featuredmedia":[{"embeddable":true,"href":"http:\/\/atsalaplata.org.ar\/web\/wp-json\/wp\/v2\/media\/21732"}],"wp:attachment":[{"href":"http:\/\/atsalaplata.org.ar\/web\/wp-json\/wp\/v2\/media?parent=21731"}],"wp:term":[{"taxonomy":"category","embeddable":true,"href":"http:\/\/atsalaplata.org.ar\/web\/wp-json\/wp\/v2\/categories?post=21731"},{"taxonomy":"post_tag","embeddable":true,"href":"http:\/\/atsalaplata.org.ar\/web\/wp-json\/wp\/v2\/tags?post=21731"}],"curies":[{"name":"wp","href":"https:\/\/api.w.org\/{rel}","templated":true}]}}