{"id":21728,"date":"2026-05-01T00:00:00","date_gmt":"2026-05-01T03:00:00","guid":{"rendered":"https:\/\/atsalaplata.org.ar\/web\/?p=21728"},"modified":"2026-04-30T11:45:31","modified_gmt":"2026-04-30T14:45:31","slug":"dia-internacional-del-trabajador-3","status":"publish","type":"post","link":"http:\/\/atsalaplata.org.ar\/web\/2026\/05\/dia-internacional-del-trabajador-3\/","title":{"rendered":"D\u00eda Internacional del Trabajador"},"content":{"rendered":"\n<p>\ud83c\udf0d\u270a Una fecha que nace de la Lucha y la Memoria colectiva\u2026<\/p>\n\n\n\n<p>\ud83d\udcc5 El 1\u00ba de mayo se conmemora el \u201cD\u00eda Internacional del Trabajador\u201d en recuerdo de la sangrienta represi\u00f3n que sufrieron los obreros de la f\u00e1brica McCormick, durante varios d\u00edas de abril y mayo de 1886, en la ciudad de Chicago, Estados Unidos.<\/p>\n\n\n\n<p>\ud83c\udde6\ud83c\uddf7 En Argentina, esta fecha se celebr\u00f3 por primera vez en 1890 y, desde entonces, cada a\u00f1o se llevan adelante actos y manifestaciones que mantienen viva la memoria de las luchas y los derechos conquistados por todos los sectores trabajadores.<\/p>\n\n\n\n<p>\ud83e\udd1d Desde ATSA La Plata saludamos a los\/as compa\u00f1eros\/as de la Sanidad, a cada Asociaci\u00f3n que forma parte de la FATSA y a todos\/as los\/as trabajadores\/as de nuestro pa\u00eds.<\/p>\n\n\n\n<p>\ud83d\udc99 \u00a1Feliz D\u00eda del Trabajador y la Trabajadora!<\/p>\n\n\n\n<p>#SanidadAtsaLaPlata #SiempreJuntoAVos #D\u00edaDelTrabajador #1DeMayo #OrgulloTrabajador #FuerzaColectiva<\/p>\n","protected":false},"excerpt":{"rendered":"<p>\ud83c\udf0d\u270a Una fecha que nace de la Lucha y la Memoria colectiva\u2026 \ud83d\udcc5 El 1\u00ba&#8230;<\/p>\n","protected":false},"author":2,"featured_media":21729,"comment_status":"closed","ping_status":"open","sticky":false,"template":"","format":"standard","meta":{"footnotes":""},"categories":[86,146,98,147,97,85,96,83,148],"tags":[],"class_list":["post-21728","post","type-post","status-publish","format-standard","has-post-thumbnail","hentry","category-afiliado","category-destacado","category-home","category-novedades","category-sec-de-cultura","category-sec-de-prensa","category-sec-gremial","category-sindical","category-ultimas-noticias"],"_links":{"self":[{"href":"http:\/\/atsalaplata.org.ar\/web\/wp-json\/wp\/v2\/posts\/21728","targetHints":{"allow":["GET"]}}],"collection":[{"href":"http:\/\/atsalaplata.org.ar\/web\/wp-json\/wp\/v2\/posts"}],"about":[{"href":"http:\/\/atsalaplata.org.ar\/web\/wp-json\/wp\/v2\/types\/post"}],"author":[{"embeddable":true,"href":"http:\/\/atsalaplata.org.ar\/web\/wp-json\/wp\/v2\/users\/2"}],"replies":[{"embeddable":true,"href":"http:\/\/atsalaplata.org.ar\/web\/wp-json\/wp\/v2\/comments?post=21728"}],"version-history":[{"count":1,"href":"http:\/\/atsalaplata.org.ar\/web\/wp-json\/wp\/v2\/posts\/21728\/revisions"}],"predecessor-version":[{"id":21730,"href":"http:\/\/atsalaplata.org.ar\/web\/wp-json\/wp\/v2\/posts\/21728\/revisions\/21730"}],"wp:featuredmedia":[{"embeddable":true,"href":"http:\/\/atsalaplata.org.ar\/web\/wp-json\/wp\/v2\/media\/21729"}],"wp:attachment":[{"href":"http:\/\/atsalaplata.org.ar\/web\/wp-json\/wp\/v2\/media?parent=21728"}],"wp:term":[{"taxonomy":"category","embeddable":true,"href":"http:\/\/atsalaplata.org.ar\/web\/wp-json\/wp\/v2\/categories?post=21728"},{"taxonomy":"post_tag","embeddable":true,"href":"http:\/\/atsalaplata.org.ar\/web\/wp-json\/wp\/v2\/tags?post=21728"}],"curies":[{"name":"wp","href":"https:\/\/api.w.org\/{rel}","templated":true}]}}