{"id":21719,"date":"2026-04-29T00:00:00","date_gmt":"2026-04-29T03:00:00","guid":{"rendered":"https:\/\/atsalaplata.org.ar\/web\/?p=21719"},"modified":"2026-04-28T10:25:19","modified_gmt":"2026-04-28T13:25:19","slug":"dia-internacional-de-la-inmunologia-2","status":"publish","type":"post","link":"http:\/\/atsalaplata.org.ar\/web\/2026\/04\/dia-internacional-de-la-inmunologia-2\/","title":{"rendered":"D\u00eda Internacional de la Inmunolog\u00eda"},"content":{"rendered":"\n<p>\ud83d\udc89\ud83d\udee1\ufe0f Hoy celebramos una fecha que busca visibilizar la importancia de la inmunolog\u00eda, la ciencia que estudia nuestro sistema de defensas y su rol fundamental en la prevenci\u00f3n, diagn\u00f3stico y tratamiento de m\u00faltiples enfermedades. \ud83c\udf0d\u2764\ufe0f<\/p>\n\n\n\n<p>Desde las vacunas hasta los avances en terapias innovadoras, la inmunolog\u00eda es una herramienta clave para cuidar la salud y mejorar la calidad de vida de millones de personas. \ud83d\udcaa\ud83d\udd2c<\/p>\n\n\n\n<p>Este d\u00eda reconocemos especialmente la tarea de quienes, desde la investigaci\u00f3n, los laboratorios y los equipos de salud, trabajan todos los d\u00edas para fortalecer el cuidado de nuestras comunidades. \ud83d\udc69\u200d\u2695\ufe0f\ud83d\udc68\u200d\u2695\ufe0f\ud83e\uddea<\/p>\n\n\n\n<p>Desde SANIDAD ATSA La Plata saludamos a las y los trabajadores\/as de la sanidad que con compromiso y vocaci\u00f3n sostienen una salud m\u00e1s preventiva, solidaria y humana. \ud83d\udc99<\/p>\n\n\n\n<p>\u2728 Porque comprender c\u00f3mo nos defendemos tambi\u00e9n es una forma de cuidar la vida.<\/p>\n\n\n\n<p>#D\u00edaInternacionalDeLaInmunolog\u00eda #SanidadAtsaLaPlata #SiempreJuntoAVos<\/p>\n\n\n\n<p><\/p>\n","protected":false},"excerpt":{"rendered":"<p>\ud83d\udc89\ud83d\udee1\ufe0f Hoy celebramos una fecha que busca visibilizar la importancia de la inmunolog\u00eda, la ciencia&#8230;<\/p>\n","protected":false},"author":2,"featured_media":21720,"comment_status":"closed","ping_status":"open","sticky":false,"template":"","format":"standard","meta":{"footnotes":""},"categories":[86,146,98,147,81,85,148,152],"tags":[],"class_list":["post-21719","post","type-post","status-publish","format-standard","has-post-thumbnail","hentry","category-afiliado","category-destacado","category-home","category-novedades","category-salud","category-sec-de-prensa","category-ultimas-noticias","category-vacunacion"],"_links":{"self":[{"href":"http:\/\/atsalaplata.org.ar\/web\/wp-json\/wp\/v2\/posts\/21719","targetHints":{"allow":["GET"]}}],"collection":[{"href":"http:\/\/atsalaplata.org.ar\/web\/wp-json\/wp\/v2\/posts"}],"about":[{"href":"http:\/\/atsalaplata.org.ar\/web\/wp-json\/wp\/v2\/types\/post"}],"author":[{"embeddable":true,"href":"http:\/\/atsalaplata.org.ar\/web\/wp-json\/wp\/v2\/users\/2"}],"replies":[{"embeddable":true,"href":"http:\/\/atsalaplata.org.ar\/web\/wp-json\/wp\/v2\/comments?post=21719"}],"version-history":[{"count":1,"href":"http:\/\/atsalaplata.org.ar\/web\/wp-json\/wp\/v2\/posts\/21719\/revisions"}],"predecessor-version":[{"id":21721,"href":"http:\/\/atsalaplata.org.ar\/web\/wp-json\/wp\/v2\/posts\/21719\/revisions\/21721"}],"wp:featuredmedia":[{"embeddable":true,"href":"http:\/\/atsalaplata.org.ar\/web\/wp-json\/wp\/v2\/media\/21720"}],"wp:attachment":[{"href":"http:\/\/atsalaplata.org.ar\/web\/wp-json\/wp\/v2\/media?parent=21719"}],"wp:term":[{"taxonomy":"category","embeddable":true,"href":"http:\/\/atsalaplata.org.ar\/web\/wp-json\/wp\/v2\/categories?post=21719"},{"taxonomy":"post_tag","embeddable":true,"href":"http:\/\/atsalaplata.org.ar\/web\/wp-json\/wp\/v2\/tags?post=21719"}],"curies":[{"name":"wp","href":"https:\/\/api.w.org\/{rel}","templated":true}]}}