{"id":21523,"date":"2026-03-08T00:00:00","date_gmt":"2026-03-08T03:00:00","guid":{"rendered":"http:\/\/atsalaplata.org.ar\/web\/?p=21523"},"modified":"2026-03-06T11:51:58","modified_gmt":"2026-03-06T14:51:58","slug":"8-de-marzo-dia-internacional-de-la-mujer-trabajadora-2","status":"publish","type":"post","link":"http:\/\/atsalaplata.org.ar\/web\/2026\/03\/8-de-marzo-dia-internacional-de-la-mujer-trabajadora-2\/","title":{"rendered":"8 de marzo | D\u00eda Internacional de la Mujer Trabajadora"},"content":{"rendered":"\n<p><img loading=\"lazy\" decoding=\"async\" height=\"16\" width=\"16\" src=\"https:\/\/static.xx.fbcdn.net\/images\/emoji.php\/v9\/t5f\/1\/16\/270a.png\" alt=\"\u270a\"><img loading=\"lazy\" decoding=\"async\" height=\"16\" width=\"16\" src=\"https:\/\/static.xx.fbcdn.net\/images\/emoji.php\/v9\/te9\/1\/16\/2640.png\" alt=\"\u2640\ufe0f\"> En el marco del 8 de marzo, D\u00eda Internacional de la Mujer, SANIDAD ATSA La Plata reafirma su compromiso con la igualdad de derechos, oportunidades y trato. <img loading=\"lazy\" decoding=\"async\" height=\"16\" width=\"16\" src=\"https:\/\/static.xx.fbcdn.net\/images\/emoji.php\/v9\/ta\/1\/16\/2696.png\" alt=\"\u2696\ufe0f\"><\/p>\n\n\n\n<p>El 8M es una fecha \u2014oficialmente definida por la ONU en 1975\u2014 de concientizaci\u00f3n, memoria y reconocimiento de la lucha de las mujeres en todos los \u00e1mbitos de la sociedad. <img loading=\"lazy\" decoding=\"async\" height=\"16\" width=\"16\" alt=\"\ud83d\udcda\" src=\"https:\/\/static.xx.fbcdn.net\/images\/emoji.php\/v9\/t49\/1\/16\/1f4da.png\"><img loading=\"lazy\" decoding=\"async\" height=\"16\" width=\"16\" alt=\"\u2728\" src=\"https:\/\/static.xx.fbcdn.net\/images\/emoji.php\/v9\/tf4\/1\/16\/2728.png\"><\/p>\n\n\n\n<p>Estas iniciativas dieron lugar a transformaciones fundamentales: el ingreso masivo de mujeres al sistema educativo <img loading=\"lazy\" decoding=\"async\" height=\"16\" width=\"16\" alt=\"\ud83c\udf93\" src=\"https:\/\/static.xx.fbcdn.net\/images\/emoji.php\/v9\/t25\/1\/16\/1f393.png\">, la participaci\u00f3n en el mercado laboral <img loading=\"lazy\" decoding=\"async\" height=\"16\" width=\"16\" alt=\"\ud83d\udcbc\" src=\"https:\/\/static.xx.fbcdn.net\/images\/emoji.php\/v9\/td\/1\/16\/1f4bc.png\">, y la conquista de derechos pol\u00edticos como el voto y la representaci\u00f3n en cargos p\u00fablicos<\/p>\n\n\n\n<p>A\u00fan quedan desaf\u00edos urgentes:<\/p>\n\n\n\n<p>\u2022 el acceso equitativo a puestos de decisi\u00f3n <img loading=\"lazy\" decoding=\"async\" height=\"16\" width=\"16\" alt=\"\ud83d\udc69\u200d\ud83d\udcbc\" src=\"https:\/\/static.xx.fbcdn.net\/images\/emoji.php\/v9\/t79\/1\/16\/1f469_200d_1f4bc.png\"><\/p>\n\n\n\n<p>\u2022 la corresponsabilidad en las tareas de cuidado <img loading=\"lazy\" decoding=\"async\" height=\"16\" width=\"16\" alt=\"\ud83d\udc76\ud83c\udffd\" src=\"https:\/\/static.xx.fbcdn.net\/images\/emoji.php\/v9\/te8\/1\/16\/1f476_1f3fd.png\"><\/p>\n\n\n\n<p>\u2022 la erradicaci\u00f3n de todas las formas de violencia por motivos de g\u00e9nero <img loading=\"lazy\" decoding=\"async\" height=\"16\" width=\"16\" alt=\"\ud83d\udeab\" src=\"https:\/\/static.xx.fbcdn.net\/images\/emoji.php\/v9\/t6f\/1\/16\/1f6ab.png\"><\/p>\n\n\n\n<p>\u2022 el acceso efectivo a la salud, la educaci\u00f3n y el empleo en condiciones de paridad <img loading=\"lazy\" decoding=\"async\" height=\"16\" width=\"16\" alt=\"\ud83c\udfe5\" src=\"https:\/\/static.xx.fbcdn.net\/images\/emoji.php\/v9\/t7b\/1\/16\/1f3e5.png\"><img loading=\"lazy\" decoding=\"async\" height=\"16\" width=\"16\" alt=\"\ud83d\udcd6\" src=\"https:\/\/static.xx.fbcdn.net\/images\/emoji.php\/v9\/t9e\/1\/16\/1f4d6.png\"><img loading=\"lazy\" decoding=\"async\" height=\"16\" width=\"16\" alt=\"\ud83d\udcbc\" src=\"https:\/\/static.xx.fbcdn.net\/images\/emoji.php\/v9\/td\/1\/16\/1f4bc.png\"><\/p>\n\n\n\n<p>Objetivos que nos impulsan a seguir construyendo una sociedad m\u00e1s democr\u00e1tica, justa y equitativa para todos y todas. <img loading=\"lazy\" decoding=\"async\" height=\"16\" width=\"16\" alt=\"\ud83e\udd1d\" src=\"https:\/\/static.xx.fbcdn.net\/images\/emoji.php\/v9\/t64\/1\/16\/1f91d.png\"><\/p>\n\n\n\n<p><a href=\"https:\/\/www.facebook.com\/hashtag\/8m?__eep__=6&amp;__cft__[0]=AZYjdgyJtNbyfz5oRykSEU1agVoGq80IrfoysFGx_mHIjg9Ea0eE6S3tfyVAET7m1oV4O8pKycZM36nWEiQU_jX-W2BJtqSTkvgvRuUk8P9A2kGSCrbcfTwaNuTPjWOXb5dq5KE-k9Xxo-tjPCX3tbGF&amp;__tn__=*NK-R\" target=\"_blank\" rel=\"noreferrer noopener\">#8M<\/a><a href=\"https:\/\/www.facebook.com\/hashtag\/trabajadorassomostodas?__eep__=6&amp;__cft__[0]=AZYjdgyJtNbyfz5oRykSEU1agVoGq80IrfoysFGx_mHIjg9Ea0eE6S3tfyVAET7m1oV4O8pKycZM36nWEiQU_jX-W2BJtqSTkvgvRuUk8P9A2kGSCrbcfTwaNuTPjWOXb5dq5KE-k9Xxo-tjPCX3tbGF&amp;__tn__=*NK-R\" target=\"_blank\" rel=\"noreferrer noopener\">#TrabajadorasSomosTodas<\/a><a href=\"https:\/\/www.facebook.com\/hashtag\/noretrocedemosenderechos?__eep__=6&amp;__cft__[0]=AZYjdgyJtNbyfz5oRykSEU1agVoGq80IrfoysFGx_mHIjg9Ea0eE6S3tfyVAET7m1oV4O8pKycZM36nWEiQU_jX-W2BJtqSTkvgvRuUk8P9A2kGSCrbcfTwaNuTPjWOXb5dq5KE-k9Xxo-tjPCX3tbGF&amp;__tn__=*NK-R\" target=\"_blank\" rel=\"noreferrer noopener\">#NoRetrocedemosEnDerechos<\/a><a href=\"https:\/\/www.facebook.com\/hashtag\/d%C3%ADainternacionaldelamujer?__eep__=6&amp;__cft__[0]=AZYjdgyJtNbyfz5oRykSEU1agVoGq80IrfoysFGx_mHIjg9Ea0eE6S3tfyVAET7m1oV4O8pKycZM36nWEiQU_jX-W2BJtqSTkvgvRuUk8P9A2kGSCrbcfTwaNuTPjWOXb5dq5KE-k9Xxo-tjPCX3tbGF&amp;__tn__=*NK-R\" target=\"_blank\" rel=\"noreferrer noopener\">#D\u00edaInternacionalDeLaMujer<\/a><a href=\"https:\/\/www.facebook.com\/hashtag\/igualdad?__eep__=6&amp;__cft__[0]=AZYjdgyJtNbyfz5oRykSEU1agVoGq80IrfoysFGx_mHIjg9Ea0eE6S3tfyVAET7m1oV4O8pKycZM36nWEiQU_jX-W2BJtqSTkvgvRuUk8P9A2kGSCrbcfTwaNuTPjWOXb5dq5KE-k9Xxo-tjPCX3tbGF&amp;__tn__=*NK-R\" target=\"_blank\" rel=\"noreferrer noopener\">#Igualdad<\/a><a href=\"https:\/\/www.facebook.com\/hashtag\/compromiso?__eep__=6&amp;__cft__[0]=AZYjdgyJtNbyfz5oRykSEU1agVoGq80IrfoysFGx_mHIjg9Ea0eE6S3tfyVAET7m1oV4O8pKycZM36nWEiQU_jX-W2BJtqSTkvgvRuUk8P9A2kGSCrbcfTwaNuTPjWOXb5dq5KE-k9Xxo-tjPCX3tbGF&amp;__tn__=*NK-R\" target=\"_blank\" rel=\"noreferrer noopener\">#Compromiso<\/a><\/p>\n","protected":false},"excerpt":{"rendered":"<p>En el marco del 8 de marzo, D\u00eda Internacional de la Mujer, SANIDAD ATSA La&#8230;<\/p>\n","protected":false},"author":2,"featured_media":21524,"comment_status":"closed","ping_status":"open","sticky":false,"template":"","format":"standard","meta":{"footnotes":""},"categories":[86,146,98,147,125,119,148],"tags":[],"class_list":["post-21523","post","type-post","status-publish","format-standard","has-post-thumbnail","hentry","category-afiliado","category-destacado","category-home","category-novedades","category-picovi","category-sec-de-la-mujer","category-ultimas-noticias"],"_links":{"self":[{"href":"http:\/\/atsalaplata.org.ar\/web\/wp-json\/wp\/v2\/posts\/21523","targetHints":{"allow":["GET"]}}],"collection":[{"href":"http:\/\/atsalaplata.org.ar\/web\/wp-json\/wp\/v2\/posts"}],"about":[{"href":"http:\/\/atsalaplata.org.ar\/web\/wp-json\/wp\/v2\/types\/post"}],"author":[{"embeddable":true,"href":"http:\/\/atsalaplata.org.ar\/web\/wp-json\/wp\/v2\/users\/2"}],"replies":[{"embeddable":true,"href":"http:\/\/atsalaplata.org.ar\/web\/wp-json\/wp\/v2\/comments?post=21523"}],"version-history":[{"count":1,"href":"http:\/\/atsalaplata.org.ar\/web\/wp-json\/wp\/v2\/posts\/21523\/revisions"}],"predecessor-version":[{"id":21525,"href":"http:\/\/atsalaplata.org.ar\/web\/wp-json\/wp\/v2\/posts\/21523\/revisions\/21525"}],"wp:featuredmedia":[{"embeddable":true,"href":"http:\/\/atsalaplata.org.ar\/web\/wp-json\/wp\/v2\/media\/21524"}],"wp:attachment":[{"href":"http:\/\/atsalaplata.org.ar\/web\/wp-json\/wp\/v2\/media?parent=21523"}],"wp:term":[{"taxonomy":"category","embeddable":true,"href":"http:\/\/atsalaplata.org.ar\/web\/wp-json\/wp\/v2\/categories?post=21523"},{"taxonomy":"post_tag","embeddable":true,"href":"http:\/\/atsalaplata.org.ar\/web\/wp-json\/wp\/v2\/tags?post=21523"}],"curies":[{"name":"wp","href":"https:\/\/api.w.org\/{rel}","templated":true}]}}