{"id":21516,"date":"2026-03-06T10:41:46","date_gmt":"2026-03-06T13:41:46","guid":{"rendered":"http:\/\/atsalaplata.org.ar\/web\/?p=21516"},"modified":"2026-03-06T10:41:47","modified_gmt":"2026-03-06T13:41:47","slug":"jornada-provincial-por-el-dia-internacional-de-la-mujer-trabajadora","status":"publish","type":"post","link":"http:\/\/atsalaplata.org.ar\/web\/2026\/03\/jornada-provincial-por-el-dia-internacional-de-la-mujer-trabajadora\/","title":{"rendered":"Jornada provincial por el D\u00eda Internacional de la Mujer Trabajadora"},"content":{"rendered":"\n<p><img loading=\"lazy\" decoding=\"async\" height=\"16\" width=\"16\" alt=\"\u270a\" src=\"https:\/\/static.xx.fbcdn.net\/images\/emoji.php\/v9\/t5f\/1\/16\/270a.png\"><img loading=\"lazy\" decoding=\"async\" height=\"16\" width=\"16\" alt=\"\u2640\ufe0f\" src=\"https:\/\/static.xx.fbcdn.net\/images\/emoji.php\/v9\/te9\/1\/16\/2640.png\"> SANIDAD ATSA La Plata particip\u00f3 en la jornada provincial por el D\u00eda Internacional de la Mujer Trabajadora<\/p>\n\n\n\n<p>La Secretaria de la Mujer, Karina Rodr\u00edguez, acompa\u00f1ada por la delegada Mariana \u00c1lvarez, participaron como representantes de nuestro gremio, junto a las compa\u00f1eras de la Secretar\u00eda de G\u00e9nero de la CGT Regional, del acto central que tuvo lugar en el Teatro Argentino en el d\u00eda de ayer. <img loading=\"lazy\" decoding=\"async\" height=\"16\" width=\"16\" alt=\"\ud83c\udfad\" src=\"https:\/\/static.xx.fbcdn.net\/images\/emoji.php\/v9\/tae\/1\/16\/1f3ad.png\"><\/p>\n\n\n\n<p>La actividad, organizada por el Ministerio de Mujeres y Diversidad de la Provincia de Buenos Aires y la Suprema Corte de Justicia bonaerense, tuvo como objetivo reflexionar sobre la importancia de fortalecer las medidas cautelares y profundizar un abordaje integral frente a las violencias por razones de g\u00e9nero, articulando el trabajo del Poder Judicial, el Ejecutivo y las organizaciones sindicales y sociales. <img loading=\"lazy\" decoding=\"async\" height=\"16\" width=\"16\" alt=\"\u2696\ufe0f\" src=\"https:\/\/static.xx.fbcdn.net\/images\/emoji.php\/v9\/ta\/1\/16\/2696.png\"><img loading=\"lazy\" decoding=\"async\" height=\"16\" width=\"16\" alt=\"\ud83e\udd1d\" src=\"https:\/\/static.xx.fbcdn.net\/images\/emoji.php\/v9\/t64\/1\/16\/1f91d.png\"><\/p>\n\n\n\n<p>Durante el acto estuvieron presentes el gobernador bonaerense Axel Kicillof, la vicegobernadora Ver\u00f3nica Magario, el intendente Julio Alak, la ministra de Mujeres y Diversidad Estela D\u00edaz y la presidenta de la Suprema Corte de Justicia bonaerense Hilda Kogan, entre otras autoridades. <img loading=\"lazy\" decoding=\"async\" height=\"16\" width=\"16\" alt=\"\ud83c\udfdb\ufe0f\" src=\"https:\/\/static.xx.fbcdn.net\/images\/emoji.php\/v9\/t89\/1\/16\/1f3db.png\"><\/p>\n\n\n\n<p>En la jornada se homenaje\u00f3 a destacadas mujeres como Estela de Carlotto, titular de Abuelas; Cristina Caama\u00f1o, rectora de la Universidad Nacional Madres de Plaza de Mayo (UNMa); y la investigadora, docente y escritora Emilce Moler, sobreviviente de La Noche de los L\u00e1pices. <img loading=\"lazy\" decoding=\"async\" height=\"16\" width=\"16\" alt=\"\ud83c\udf39\" src=\"https:\/\/static.xx.fbcdn.net\/images\/emoji.php\/v9\/t71\/1\/16\/1f339.png\"><\/p>\n\n\n\n<p>En nombre de nuestro Sec. General, Pedro F. Borgini, destacamos la importancia de generar espacios institucionales de articulaci\u00f3n que fortalezcan las pol\u00edticas p\u00fablicas y consoliden herramientas concretas para la prevenci\u00f3n, asistencia y erradicaci\u00f3n de las violencias por motivos de g\u00e9nero. <img loading=\"lazy\" decoding=\"async\" height=\"16\" width=\"16\" alt=\"\u270a\" src=\"https:\/\/static.xx.fbcdn.net\/images\/emoji.php\/v9\/t5f\/1\/16\/270a.png\"><img loading=\"lazy\" decoding=\"async\" height=\"16\" width=\"16\" alt=\"\ud83d\udc9c\" src=\"https:\/\/static.xx.fbcdn.net\/images\/emoji.php\/v9\/t96\/1\/16\/1f49c.png\"><\/p>\n\n\n\n<figure class=\"wp-block-gallery has-nested-images columns-default is-cropped wp-block-gallery-1 is-layout-flex wp-block-gallery-is-layout-flex\">\n<figure class=\"wp-block-image size-large\"><img loading=\"lazy\" decoding=\"async\" width=\"1080\" height=\"1350\" data-id=\"21517\" src=\"http:\/\/atsalaplata.org.ar\/web\/wp-content\/uploads\/2026\/03\/WhatsApp-Image-2026-03-06-at-10.08.34.jpeg\" alt=\"\" class=\"wp-image-21517\" srcset=\"http:\/\/atsalaplata.org.ar\/web\/wp-content\/uploads\/2026\/03\/WhatsApp-Image-2026-03-06-at-10.08.34.jpeg 1080w, http:\/\/atsalaplata.org.ar\/web\/wp-content\/uploads\/2026\/03\/WhatsApp-Image-2026-03-06-at-10.08.34-768x960.jpeg 768w, http:\/\/atsalaplata.org.ar\/web\/wp-content\/uploads\/2026\/03\/WhatsApp-Image-2026-03-06-at-10.08.34-1024x1280.jpeg 1024w\" sizes=\"auto, (max-width: 1080px) 100vw, 1080px\" \/><\/figure>\n\n\n\n<figure class=\"wp-block-image size-large\"><img decoding=\"async\" data-id=\"21521\" src=\"http:\/\/atsalaplata.org.ar\/web\/wp-content\/uploads\/2026\/03\/WhatsApp-Image-2026-03-06-at-10.08.33-3.jpeg\" alt=\"\" class=\"wp-image-21521\"\/><\/figure>\n\n\n\n<figure class=\"wp-block-image size-large\"><img loading=\"lazy\" decoding=\"async\" width=\"1080\" height=\"1350\" data-id=\"21518\" src=\"http:\/\/atsalaplata.org.ar\/web\/wp-content\/uploads\/2026\/03\/WhatsApp-Image-2026-03-06-at-10.08.33-2.jpeg\" alt=\"\" class=\"wp-image-21518\" srcset=\"http:\/\/atsalaplata.org.ar\/web\/wp-content\/uploads\/2026\/03\/WhatsApp-Image-2026-03-06-at-10.08.33-2.jpeg 1080w, http:\/\/atsalaplata.org.ar\/web\/wp-content\/uploads\/2026\/03\/WhatsApp-Image-2026-03-06-at-10.08.33-2-768x960.jpeg 768w, http:\/\/atsalaplata.org.ar\/web\/wp-content\/uploads\/2026\/03\/WhatsApp-Image-2026-03-06-at-10.08.33-2-1024x1280.jpeg 1024w\" sizes=\"auto, (max-width: 1080px) 100vw, 1080px\" \/><\/figure>\n\n\n\n<figure class=\"wp-block-image size-large\"><img loading=\"lazy\" decoding=\"async\" width=\"1080\" height=\"1350\" data-id=\"21520\" src=\"http:\/\/atsalaplata.org.ar\/web\/wp-content\/uploads\/2026\/03\/WhatsApp-Image-2026-03-06-at-10.08.33-1.jpeg\" alt=\"\" class=\"wp-image-21520\" srcset=\"http:\/\/atsalaplata.org.ar\/web\/wp-content\/uploads\/2026\/03\/WhatsApp-Image-2026-03-06-at-10.08.33-1.jpeg 1080w, http:\/\/atsalaplata.org.ar\/web\/wp-content\/uploads\/2026\/03\/WhatsApp-Image-2026-03-06-at-10.08.33-1-768x960.jpeg 768w, http:\/\/atsalaplata.org.ar\/web\/wp-content\/uploads\/2026\/03\/WhatsApp-Image-2026-03-06-at-10.08.33-1-1024x1280.jpeg 1024w\" sizes=\"auto, (max-width: 1080px) 100vw, 1080px\" \/><\/figure>\n\n\n\n<figure class=\"wp-block-image size-large\"><img loading=\"lazy\" decoding=\"async\" width=\"1080\" height=\"1350\" data-id=\"21519\" src=\"http:\/\/atsalaplata.org.ar\/web\/wp-content\/uploads\/2026\/03\/WhatsApp-Image-2026-03-06-at-10.08.33.jpeg\" alt=\"\" class=\"wp-image-21519\" srcset=\"http:\/\/atsalaplata.org.ar\/web\/wp-content\/uploads\/2026\/03\/WhatsApp-Image-2026-03-06-at-10.08.33.jpeg 1080w, http:\/\/atsalaplata.org.ar\/web\/wp-content\/uploads\/2026\/03\/WhatsApp-Image-2026-03-06-at-10.08.33-768x960.jpeg 768w, http:\/\/atsalaplata.org.ar\/web\/wp-content\/uploads\/2026\/03\/WhatsApp-Image-2026-03-06-at-10.08.33-1024x1280.jpeg 1024w\" sizes=\"auto, (max-width: 1080px) 100vw, 1080px\" \/><\/figure>\n<\/figure>\n","protected":false},"excerpt":{"rendered":"<p>SANIDAD ATSA La Plata particip\u00f3 en la jornada provincial por el D\u00eda Internacional de la&#8230;<\/p>\n","protected":false},"author":2,"featured_media":21521,"comment_status":"closed","ping_status":"open","sticky":false,"template":"","format":"standard","meta":{"footnotes":""},"categories":[86,146,98,147,125,119,148],"tags":[],"class_list":["post-21516","post","type-post","status-publish","format-standard","has-post-thumbnail","hentry","category-afiliado","category-destacado","category-home","category-novedades","category-picovi","category-sec-de-la-mujer","category-ultimas-noticias"],"_links":{"self":[{"href":"http:\/\/atsalaplata.org.ar\/web\/wp-json\/wp\/v2\/posts\/21516","targetHints":{"allow":["GET"]}}],"collection":[{"href":"http:\/\/atsalaplata.org.ar\/web\/wp-json\/wp\/v2\/posts"}],"about":[{"href":"http:\/\/atsalaplata.org.ar\/web\/wp-json\/wp\/v2\/types\/post"}],"author":[{"embeddable":true,"href":"http:\/\/atsalaplata.org.ar\/web\/wp-json\/wp\/v2\/users\/2"}],"replies":[{"embeddable":true,"href":"http:\/\/atsalaplata.org.ar\/web\/wp-json\/wp\/v2\/comments?post=21516"}],"version-history":[{"count":1,"href":"http:\/\/atsalaplata.org.ar\/web\/wp-json\/wp\/v2\/posts\/21516\/revisions"}],"predecessor-version":[{"id":21522,"href":"http:\/\/atsalaplata.org.ar\/web\/wp-json\/wp\/v2\/posts\/21516\/revisions\/21522"}],"wp:featuredmedia":[{"embeddable":true,"href":"http:\/\/atsalaplata.org.ar\/web\/wp-json\/wp\/v2\/media\/21521"}],"wp:attachment":[{"href":"http:\/\/atsalaplata.org.ar\/web\/wp-json\/wp\/v2\/media?parent=21516"}],"wp:term":[{"taxonomy":"category","embeddable":true,"href":"http:\/\/atsalaplata.org.ar\/web\/wp-json\/wp\/v2\/categories?post=21516"},{"taxonomy":"post_tag","embeddable":true,"href":"http:\/\/atsalaplata.org.ar\/web\/wp-json\/wp\/v2\/tags?post=21516"}],"curies":[{"name":"wp","href":"https:\/\/api.w.org\/{rel}","templated":true}]}}