{"id":21502,"date":"2026-03-02T15:56:57","date_gmt":"2026-03-02T18:56:57","guid":{"rendered":"http:\/\/atsalaplata.org.ar\/web\/?p=21502"},"modified":"2026-03-02T15:56:59","modified_gmt":"2026-03-02T18:56:59","slug":"marcha-contra-la-reforma-laboral","status":"publish","type":"post","link":"http:\/\/atsalaplata.org.ar\/web\/2026\/03\/marcha-contra-la-reforma-laboral\/","title":{"rendered":"Marcha contra la Reforma Laboral"},"content":{"rendered":"\n<p><img loading=\"lazy\" decoding=\"async\" height=\"16\" width=\"16\" alt=\"\ud83d\udce3\" src=\"https:\/\/static.xx.fbcdn.net\/images\/emoji.php\/v9\/tba\/1\/16\/1f4e3.png\">Desde SANIDAD ATSA La Plata acompa\u00f1amos hoy la movilizaci\u00f3n convocada por la Confederaci\u00f3n General del Trabajo (CGT), a los Tribunales porte\u00f1os, en respaldo a la presentaci\u00f3n judicial contra la Reforma Laboral aprobada el pasado viernes en el Senado.<\/p>\n\n\n\n<p>El objetivo fue acompa\u00f1ar dicho recurso de amparo para frenar la aplicaci\u00f3n de la nueva Ley.<\/p>\n\n\n\n<p>Participaron de la marcha, junto a nuestro Sec. General, Pedro F. Borgini: Miembros del Consejo Directivo y Cuerpo de Delegados\/as.<\/p>\n\n\n\n<p>Nos hicimos presentes para defender los derechos conquistados y el trabajo digno, convencidos de que esta Ley del Gobierno Nacional es \u201cinconstitucional\u201d, y viola tratados internacionales.<\/p>\n\n\n\n<p>Consideramos que la propuesta de reforma laboral representa una \u201cpulverizaci\u00f3n de la legislaci\u00f3n laboral\u201d y que se presenta sin di\u00e1logo social ni participaci\u00f3n de los trabajadores.<\/p>\n\n\n\n<p><a href=\"https:\/\/www.facebook.com\/hashtag\/sanidadatsalaplata?__eep__=6&amp;__cft__[0]=AZZsuxjfYt0NrxRRBBXBY7sCksRtRB43TtsVPY7ts7IVxwcvdvMXFHyuFrY6cQ7txkBG2wUrt_9YNfBlpxoYA7AhLwwgK6tuLJWfadFkrMACcbTMPZhGkM4c0-6buQ_qGUeJWLrvnA9W-1rxA1_pD_WdE_6b37JwfbNgWOpIy_e29oYlnSJHJMiizZNXcjT-7Zg&amp;__tn__=*NK-R\">#SanidadAtsaLaPlata<\/a><a href=\"https:\/\/www.facebook.com\/hashtag\/siemprejuntoavos?__eep__=6&amp;__cft__[0]=AZZsuxjfYt0NrxRRBBXBY7sCksRtRB43TtsVPY7ts7IVxwcvdvMXFHyuFrY6cQ7txkBG2wUrt_9YNfBlpxoYA7AhLwwgK6tuLJWfadFkrMACcbTMPZhGkM4c0-6buQ_qGUeJWLrvnA9W-1rxA1_pD_WdE_6b37JwfbNgWOpIy_e29oYlnSJHJMiizZNXcjT-7Zg&amp;__tn__=*NK-R\">#SiempreJuntoAVos<\/a><a href=\"https:\/\/www.facebook.com\/hashtag\/noalareformalaboral?__eep__=6&amp;__cft__[0]=AZZsuxjfYt0NrxRRBBXBY7sCksRtRB43TtsVPY7ts7IVxwcvdvMXFHyuFrY6cQ7txkBG2wUrt_9YNfBlpxoYA7AhLwwgK6tuLJWfadFkrMACcbTMPZhGkM4c0-6buQ_qGUeJWLrvnA9W-1rxA1_pD_WdE_6b37JwfbNgWOpIy_e29oYlnSJHJMiizZNXcjT-7Zg&amp;__tn__=*NK-R\">#NoALaReformaLaboral<\/a><a href=\"https:\/\/www.facebook.com\/hashtag\/cgt?__eep__=6&amp;__cft__[0]=AZZsuxjfYt0NrxRRBBXBY7sCksRtRB43TtsVPY7ts7IVxwcvdvMXFHyuFrY6cQ7txkBG2wUrt_9YNfBlpxoYA7AhLwwgK6tuLJWfadFkrMACcbTMPZhGkM4c0-6buQ_qGUeJWLrvnA9W-1rxA1_pD_WdE_6b37JwfbNgWOpIy_e29oYlnSJHJMiizZNXcjT-7Zg&amp;__tn__=*NK-R\">#CGT<\/a><a href=\"https:\/\/www.facebook.com\/hashtag\/laplata?__eep__=6&amp;__cft__[0]=AZZsuxjfYt0NrxRRBBXBY7sCksRtRB43TtsVPY7ts7IVxwcvdvMXFHyuFrY6cQ7txkBG2wUrt_9YNfBlpxoYA7AhLwwgK6tuLJWfadFkrMACcbTMPZhGkM4c0-6buQ_qGUeJWLrvnA9W-1rxA1_pD_WdE_6b37JwfbNgWOpIy_e29oYlnSJHJMiizZNXcjT-7Zg&amp;__tn__=*NK-R\">#LaPlata<\/a><a href=\"https:\/\/www.facebook.com\/hashtag\/unidad?__eep__=6&amp;__cft__[0]=AZZsuxjfYt0NrxRRBBXBY7sCksRtRB43TtsVPY7ts7IVxwcvdvMXFHyuFrY6cQ7txkBG2wUrt_9YNfBlpxoYA7AhLwwgK6tuLJWfadFkrMACcbTMPZhGkM4c0-6buQ_qGUeJWLrvnA9W-1rxA1_pD_WdE_6b37JwfbNgWOpIy_e29oYlnSJHJMiizZNXcjT-7Zg&amp;__tn__=*NK-R\">#Unidad<\/a><a href=\"https:\/\/www.facebook.com\/hashtag\/trabajadores?__eep__=6&amp;__cft__[0]=AZZsuxjfYt0NrxRRBBXBY7sCksRtRB43TtsVPY7ts7IVxwcvdvMXFHyuFrY6cQ7txkBG2wUrt_9YNfBlpxoYA7AhLwwgK6tuLJWfadFkrMACcbTMPZhGkM4c0-6buQ_qGUeJWLrvnA9W-1rxA1_pD_WdE_6b37JwfbNgWOpIy_e29oYlnSJHJMiizZNXcjT-7Zg&amp;__tn__=*NK-R\">#Trabajadores<\/a><a href=\"https:\/\/www.facebook.com\/hashtag\/defensadeltrabajo?__eep__=6&amp;__cft__[0]=AZZsuxjfYt0NrxRRBBXBY7sCksRtRB43TtsVPY7ts7IVxwcvdvMXFHyuFrY6cQ7txkBG2wUrt_9YNfBlpxoYA7AhLwwgK6tuLJWfadFkrMACcbTMPZhGkM4c0-6buQ_qGUeJWLrvnA9W-1rxA1_pD_WdE_6b37JwfbNgWOpIy_e29oYlnSJHJMiizZNXcjT-7Zg&amp;__tn__=*NK-R\">#DefensaDelTrabajo<\/a><\/p>\n\n\n\n<figure class=\"wp-block-gallery has-nested-images columns-default is-cropped wp-block-gallery-1 is-layout-flex wp-block-gallery-is-layout-flex\">\n<figure class=\"wp-block-image size-large\"><img loading=\"lazy\" decoding=\"async\" width=\"1080\" height=\"1080\" data-id=\"21503\" src=\"http:\/\/atsalaplata.org.ar\/web\/wp-content\/uploads\/2026\/03\/Consejo-4.png\" alt=\"\" class=\"wp-image-21503\" srcset=\"http:\/\/atsalaplata.org.ar\/web\/wp-content\/uploads\/2026\/03\/Consejo-4.png 1080w, http:\/\/atsalaplata.org.ar\/web\/wp-content\/uploads\/2026\/03\/Consejo-4-768x768.png 768w, http:\/\/atsalaplata.org.ar\/web\/wp-content\/uploads\/2026\/03\/Consejo-4-1024x1024.png 1024w\" sizes=\"auto, (max-width: 1080px) 100vw, 1080px\" \/><\/figure>\n\n\n\n<figure class=\"wp-block-image size-large\"><img loading=\"lazy\" decoding=\"async\" width=\"1080\" height=\"1080\" data-id=\"21508\" src=\"http:\/\/atsalaplata.org.ar\/web\/wp-content\/uploads\/2026\/03\/Consejo-5.png\" alt=\"\" class=\"wp-image-21508\" srcset=\"http:\/\/atsalaplata.org.ar\/web\/wp-content\/uploads\/2026\/03\/Consejo-5.png 1080w, http:\/\/atsalaplata.org.ar\/web\/wp-content\/uploads\/2026\/03\/Consejo-5-768x768.png 768w, http:\/\/atsalaplata.org.ar\/web\/wp-content\/uploads\/2026\/03\/Consejo-5-1024x1024.png 1024w\" sizes=\"auto, (max-width: 1080px) 100vw, 1080px\" \/><\/figure>\n\n\n\n<figure class=\"wp-block-image size-large\"><img loading=\"lazy\" decoding=\"async\" width=\"1080\" height=\"1080\" data-id=\"21504\" src=\"http:\/\/atsalaplata.org.ar\/web\/wp-content\/uploads\/2026\/03\/Consejo-6.png\" alt=\"\" class=\"wp-image-21504\" srcset=\"http:\/\/atsalaplata.org.ar\/web\/wp-content\/uploads\/2026\/03\/Consejo-6.png 1080w, http:\/\/atsalaplata.org.ar\/web\/wp-content\/uploads\/2026\/03\/Consejo-6-768x768.png 768w, http:\/\/atsalaplata.org.ar\/web\/wp-content\/uploads\/2026\/03\/Consejo-6-1024x1024.png 1024w\" sizes=\"auto, (max-width: 1080px) 100vw, 1080px\" \/><\/figure>\n\n\n\n<figure class=\"wp-block-image size-large\"><img loading=\"lazy\" decoding=\"async\" width=\"1080\" height=\"1080\" data-id=\"21506\" src=\"http:\/\/atsalaplata.org.ar\/web\/wp-content\/uploads\/2026\/03\/Consejo-7.png\" alt=\"\" class=\"wp-image-21506\" srcset=\"http:\/\/atsalaplata.org.ar\/web\/wp-content\/uploads\/2026\/03\/Consejo-7.png 1080w, http:\/\/atsalaplata.org.ar\/web\/wp-content\/uploads\/2026\/03\/Consejo-7-768x768.png 768w, http:\/\/atsalaplata.org.ar\/web\/wp-content\/uploads\/2026\/03\/Consejo-7-1024x1024.png 1024w\" sizes=\"auto, (max-width: 1080px) 100vw, 1080px\" \/><\/figure>\n\n\n\n<figure class=\"wp-block-image size-large\"><img loading=\"lazy\" decoding=\"async\" width=\"1080\" height=\"1080\" data-id=\"21507\" src=\"http:\/\/atsalaplata.org.ar\/web\/wp-content\/uploads\/2026\/03\/Consejo-8.png\" alt=\"\" class=\"wp-image-21507\" srcset=\"http:\/\/atsalaplata.org.ar\/web\/wp-content\/uploads\/2026\/03\/Consejo-8.png 1080w, http:\/\/atsalaplata.org.ar\/web\/wp-content\/uploads\/2026\/03\/Consejo-8-768x768.png 768w, http:\/\/atsalaplata.org.ar\/web\/wp-content\/uploads\/2026\/03\/Consejo-8-1024x1024.png 1024w\" sizes=\"auto, (max-width: 1080px) 100vw, 1080px\" \/><\/figure>\n\n\n\n<figure class=\"wp-block-image size-large\"><img loading=\"lazy\" decoding=\"async\" width=\"1080\" height=\"1080\" data-id=\"21505\" src=\"http:\/\/atsalaplata.org.ar\/web\/wp-content\/uploads\/2026\/03\/Consejo-9.png\" alt=\"\" class=\"wp-image-21505\" srcset=\"http:\/\/atsalaplata.org.ar\/web\/wp-content\/uploads\/2026\/03\/Consejo-9.png 1080w, http:\/\/atsalaplata.org.ar\/web\/wp-content\/uploads\/2026\/03\/Consejo-9-768x768.png 768w, http:\/\/atsalaplata.org.ar\/web\/wp-content\/uploads\/2026\/03\/Consejo-9-1024x1024.png 1024w\" sizes=\"auto, (max-width: 1080px) 100vw, 1080px\" \/><\/figure>\n\n\n\n<figure class=\"wp-block-image size-large\"><img loading=\"lazy\" decoding=\"async\" width=\"1080\" height=\"1080\" data-id=\"21510\" src=\"http:\/\/atsalaplata.org.ar\/web\/wp-content\/uploads\/2026\/03\/Consejo-10.png\" alt=\"\" class=\"wp-image-21510\" srcset=\"http:\/\/atsalaplata.org.ar\/web\/wp-content\/uploads\/2026\/03\/Consejo-10.png 1080w, http:\/\/atsalaplata.org.ar\/web\/wp-content\/uploads\/2026\/03\/Consejo-10-768x768.png 768w, http:\/\/atsalaplata.org.ar\/web\/wp-content\/uploads\/2026\/03\/Consejo-10-1024x1024.png 1024w\" sizes=\"auto, (max-width: 1080px) 100vw, 1080px\" \/><\/figure>\n\n\n\n<figure class=\"wp-block-image size-large\"><img loading=\"lazy\" decoding=\"async\" width=\"1080\" height=\"1080\" data-id=\"21512\" src=\"http:\/\/atsalaplata.org.ar\/web\/wp-content\/uploads\/2026\/03\/Consejo-11.png\" alt=\"\" class=\"wp-image-21512\" srcset=\"http:\/\/atsalaplata.org.ar\/web\/wp-content\/uploads\/2026\/03\/Consejo-11.png 1080w, http:\/\/atsalaplata.org.ar\/web\/wp-content\/uploads\/2026\/03\/Consejo-11-768x768.png 768w, http:\/\/atsalaplata.org.ar\/web\/wp-content\/uploads\/2026\/03\/Consejo-11-1024x1024.png 1024w\" sizes=\"auto, (max-width: 1080px) 100vw, 1080px\" \/><\/figure>\n\n\n\n<figure class=\"wp-block-image size-large\"><img loading=\"lazy\" decoding=\"async\" width=\"1080\" height=\"1080\" data-id=\"21511\" src=\"http:\/\/atsalaplata.org.ar\/web\/wp-content\/uploads\/2026\/03\/Consejo-12.png\" alt=\"\" class=\"wp-image-21511\" srcset=\"http:\/\/atsalaplata.org.ar\/web\/wp-content\/uploads\/2026\/03\/Consejo-12.png 1080w, http:\/\/atsalaplata.org.ar\/web\/wp-content\/uploads\/2026\/03\/Consejo-12-768x768.png 768w, http:\/\/atsalaplata.org.ar\/web\/wp-content\/uploads\/2026\/03\/Consejo-12-1024x1024.png 1024w\" sizes=\"auto, (max-width: 1080px) 100vw, 1080px\" \/><\/figure>\n\n\n\n<figure class=\"wp-block-image size-large\"><img loading=\"lazy\" decoding=\"async\" width=\"1080\" height=\"1080\" data-id=\"21509\" src=\"http:\/\/atsalaplata.org.ar\/web\/wp-content\/uploads\/2026\/03\/Marcha-2-3-2.png\" alt=\"\" class=\"wp-image-21509\" srcset=\"http:\/\/atsalaplata.org.ar\/web\/wp-content\/uploads\/2026\/03\/Marcha-2-3-2.png 1080w, http:\/\/atsalaplata.org.ar\/web\/wp-content\/uploads\/2026\/03\/Marcha-2-3-2-768x768.png 768w, http:\/\/atsalaplata.org.ar\/web\/wp-content\/uploads\/2026\/03\/Marcha-2-3-2-1024x1024.png 1024w\" sizes=\"auto, (max-width: 1080px) 100vw, 1080px\" \/><\/figure>\n\n\n\n<figure class=\"wp-block-image size-large\"><img decoding=\"async\" data-id=\"21513\" src=\"http:\/\/atsalaplata.org.ar\/web\/wp-content\/uploads\/2026\/03\/MARCHA-2-3.png\" alt=\"\" class=\"wp-image-21513\"\/><\/figure>\n<\/figure>\n","protected":false},"excerpt":{"rendered":"<p>Desde SANIDAD ATSA La Plata acompa\u00f1amos hoy la movilizaci\u00f3n convocada por la Confederaci\u00f3n General del&#8230;<\/p>\n","protected":false},"author":2,"featured_media":21513,"comment_status":"closed","ping_status":"open","sticky":false,"template":"","format":"standard","meta":{"footnotes":""},"categories":[86,146,153,98,147,85,96,148],"tags":[],"class_list":["post-21502","post","type-post","status-publish","format-standard","has-post-thumbnail","hentry","category-afiliado","category-destacado","category-en_los_medios","category-home","category-novedades","category-sec-de-prensa","category-sec-gremial","category-ultimas-noticias"],"_links":{"self":[{"href":"http:\/\/atsalaplata.org.ar\/web\/wp-json\/wp\/v2\/posts\/21502","targetHints":{"allow":["GET"]}}],"collection":[{"href":"http:\/\/atsalaplata.org.ar\/web\/wp-json\/wp\/v2\/posts"}],"about":[{"href":"http:\/\/atsalaplata.org.ar\/web\/wp-json\/wp\/v2\/types\/post"}],"author":[{"embeddable":true,"href":"http:\/\/atsalaplata.org.ar\/web\/wp-json\/wp\/v2\/users\/2"}],"replies":[{"embeddable":true,"href":"http:\/\/atsalaplata.org.ar\/web\/wp-json\/wp\/v2\/comments?post=21502"}],"version-history":[{"count":1,"href":"http:\/\/atsalaplata.org.ar\/web\/wp-json\/wp\/v2\/posts\/21502\/revisions"}],"predecessor-version":[{"id":21514,"href":"http:\/\/atsalaplata.org.ar\/web\/wp-json\/wp\/v2\/posts\/21502\/revisions\/21514"}],"wp:featuredmedia":[{"embeddable":true,"href":"http:\/\/atsalaplata.org.ar\/web\/wp-json\/wp\/v2\/media\/21513"}],"wp:attachment":[{"href":"http:\/\/atsalaplata.org.ar\/web\/wp-json\/wp\/v2\/media?parent=21502"}],"wp:term":[{"taxonomy":"category","embeddable":true,"href":"http:\/\/atsalaplata.org.ar\/web\/wp-json\/wp\/v2\/categories?post=21502"},{"taxonomy":"post_tag","embeddable":true,"href":"http:\/\/atsalaplata.org.ar\/web\/wp-json\/wp\/v2\/tags?post=21502"}],"curies":[{"name":"wp","href":"https:\/\/api.w.org\/{rel}","templated":true}]}}