{"id":20508,"date":"2026-02-02T00:00:00","date_gmt":"2026-02-02T03:00:00","guid":{"rendered":"http:\/\/atsalaplata.org.ar\/web\/?p=20508"},"modified":"2026-01-29T11:21:35","modified_gmt":"2026-01-29T14:21:35","slug":"entrega-de-utiles-sanidad-atsa-la-plata-2026","status":"publish","type":"post","link":"http:\/\/atsalaplata.org.ar\/web\/2026\/02\/entrega-de-utiles-sanidad-atsa-la-plata-2026\/","title":{"rendered":"Entrega de \u00fatiles SANIDAD ATSA La Plata 2026"},"content":{"rendered":"\n<p>\ud83d\udd37Vuelta #AlColeConATSA La Plata, del 18\/2 al 27\/2 realizaremos la entrega de \u00fatiles para el ciclo lectivo 2026 \ud83c\udf92\ud83d\udcda<\/p>\n\n\n\n<p>\ud83d\udd37El beneficio es para todos\/as los\/las hijos\/as de nuestros\/as afiliados\/as (nivel primario y secundario)<\/p>\n\n\n\n<p>\ud83d\udcccRequisitos:<\/p>\n\n\n\n<p>-Recibo de sueldo<\/p>\n\n\n\n<p>-Carnet sindical<\/p>\n\n\n\n<p>-Afiliaci\u00f3n m\u00ednima de 6 meses al Sindicato<\/p>\n\n\n\n<p>-Constancia de alumno regular<\/p>\n\n\n\n<p>\ud83d\udc49Informate en nuestra Sede Social, calle 5 n\u00ba375 o con tu Delegado\/a Gremial.<\/p>\n\n\n\n<p>\ud83d\udcccLa entrega se realizar\u00e1 en la Secretar\u00eda de Organizaci\u00f3n, 1er Piso.<\/p>\n\n\n\n<p>Para otras consultas\/ informaci\u00f3n, comunicate a los tel\u00e9fonos: 425-5167\/ 425-9612\/ 483-8573, int. 1105.<\/p>\n\n\n\n<p>Jorge Ropat, Secretar\u00eda de Organizaci\u00f3n.<\/p>\n\n\n\n<p>#SanidadAtsaLaPlata #SiempreJuntoAVos #BeneficioSindical<\/p>\n","protected":false},"excerpt":{"rendered":"<p>\ud83d\udd37Vuelta #AlColeConATSA La Plata, del 18\/2 al 27\/2 realizaremos la entrega de \u00fatiles para el&#8230;<\/p>\n","protected":false},"author":2,"featured_media":20517,"comment_status":"closed","ping_status":"open","sticky":false,"template":"","format":"standard","meta":{"footnotes":""},"categories":[86,146,98,147,85,96,83,148],"tags":[],"class_list":["post-20508","post","type-post","status-publish","format-standard","has-post-thumbnail","hentry","category-afiliado","category-destacado","category-home","category-novedades","category-sec-de-prensa","category-sec-gremial","category-sindical","category-ultimas-noticias"],"_links":{"self":[{"href":"http:\/\/atsalaplata.org.ar\/web\/wp-json\/wp\/v2\/posts\/20508","targetHints":{"allow":["GET"]}}],"collection":[{"href":"http:\/\/atsalaplata.org.ar\/web\/wp-json\/wp\/v2\/posts"}],"about":[{"href":"http:\/\/atsalaplata.org.ar\/web\/wp-json\/wp\/v2\/types\/post"}],"author":[{"embeddable":true,"href":"http:\/\/atsalaplata.org.ar\/web\/wp-json\/wp\/v2\/users\/2"}],"replies":[{"embeddable":true,"href":"http:\/\/atsalaplata.org.ar\/web\/wp-json\/wp\/v2\/comments?post=20508"}],"version-history":[{"count":2,"href":"http:\/\/atsalaplata.org.ar\/web\/wp-json\/wp\/v2\/posts\/20508\/revisions"}],"predecessor-version":[{"id":20518,"href":"http:\/\/atsalaplata.org.ar\/web\/wp-json\/wp\/v2\/posts\/20508\/revisions\/20518"}],"wp:featuredmedia":[{"embeddable":true,"href":"http:\/\/atsalaplata.org.ar\/web\/wp-json\/wp\/v2\/media\/20517"}],"wp:attachment":[{"href":"http:\/\/atsalaplata.org.ar\/web\/wp-json\/wp\/v2\/media?parent=20508"}],"wp:term":[{"taxonomy":"category","embeddable":true,"href":"http:\/\/atsalaplata.org.ar\/web\/wp-json\/wp\/v2\/categories?post=20508"},{"taxonomy":"post_tag","embeddable":true,"href":"http:\/\/atsalaplata.org.ar\/web\/wp-json\/wp\/v2\/tags?post=20508"}],"curies":[{"name":"wp","href":"https:\/\/api.w.org\/{rel}","templated":true}]}}