{"id":20500,"date":"2026-02-04T00:00:00","date_gmt":"2026-02-04T03:00:00","guid":{"rendered":"http:\/\/atsalaplata.org.ar\/web\/?p=20500"},"modified":"2026-01-28T09:32:26","modified_gmt":"2026-01-28T12:32:26","slug":"dia-mundial-contra-el-cancer-4","status":"publish","type":"post","link":"http:\/\/atsalaplata.org.ar\/web\/2026\/02\/dia-mundial-contra-el-cancer-4\/","title":{"rendered":"D\u00eda Mundial contra el C\u00e1ncer"},"content":{"rendered":"\n<p>\ud83d\udcc6Hoy, 4 de febrero, conmemoramos el D\u00eda Mundial contra el C\u00e1ncer, una fecha impulsada por la Uni\u00f3n Internacional Contra el C\u00e1ncer (UICC) con el apoyo de la Organizaci\u00f3n Mundial de la Salud (OMS), para unir al mundo entero en la lucha contra esta enfermedad.<\/p>\n\n\n\n<p>\ud83d\udccdEsta jornada nos recuerda que el c\u00e1ncer no es solo una estad\u00edstica: detr\u00e1s de cada diagn\u00f3stico hay una historia \u00fanica, llena de desaf\u00edos, resiliencia, amor y esperanza.<\/p>\n\n\n\n<p>Bajo el lema de la campa\u00f1a 2025-2027 \u201cUnidos por lo \u00fanico\u201d, ponemos a las personas en el centro: sus vivencias, sus necesidades y sus voces deben guiar una atenci\u00f3n m\u00e1s humana, equitativa y cercana.<\/p>\n\n\n\n<p>Porque todos somos distintos, pero estamos unidos por un mismo objetivo: prevenir, detectar a tiempo y tratar con dignidad.<\/p>\n\n\n\n<p>\ud83d\udc4bLa prevenci\u00f3n salva vidas: hasta un 30-50 % de los casos podr\u00edan evitarse con h\u00e1bitos saludables, controles peri\u00f3dicos y acceso justo a la salud.<\/p>\n\n\n\n<p>Sigamos actuando, informando y acompa\u00f1ando.<\/p>\n\n\n\n<p>#D\u00edaMundialContraElC\u00e1ncer #UnidosPorLo\u00danico #SanidadAtsaLaPlata #SiempreJuntoAVos #d\u00edamundialdelcancerdemama<\/p>\n","protected":false},"excerpt":{"rendered":"<p>\ud83d\udcc6Hoy, 4 de febrero, conmemoramos el D\u00eda Mundial contra el C\u00e1ncer, una fecha impulsada por&#8230;<\/p>\n","protected":false},"author":2,"featured_media":20501,"comment_status":"closed","ping_status":"open","sticky":false,"template":"","format":"standard","meta":{"footnotes":""},"categories":[146,98,147,81,148],"tags":[],"class_list":["post-20500","post","type-post","status-publish","format-standard","has-post-thumbnail","hentry","category-destacado","category-home","category-novedades","category-salud","category-ultimas-noticias"],"_links":{"self":[{"href":"http:\/\/atsalaplata.org.ar\/web\/wp-json\/wp\/v2\/posts\/20500","targetHints":{"allow":["GET"]}}],"collection":[{"href":"http:\/\/atsalaplata.org.ar\/web\/wp-json\/wp\/v2\/posts"}],"about":[{"href":"http:\/\/atsalaplata.org.ar\/web\/wp-json\/wp\/v2\/types\/post"}],"author":[{"embeddable":true,"href":"http:\/\/atsalaplata.org.ar\/web\/wp-json\/wp\/v2\/users\/2"}],"replies":[{"embeddable":true,"href":"http:\/\/atsalaplata.org.ar\/web\/wp-json\/wp\/v2\/comments?post=20500"}],"version-history":[{"count":1,"href":"http:\/\/atsalaplata.org.ar\/web\/wp-json\/wp\/v2\/posts\/20500\/revisions"}],"predecessor-version":[{"id":20502,"href":"http:\/\/atsalaplata.org.ar\/web\/wp-json\/wp\/v2\/posts\/20500\/revisions\/20502"}],"wp:featuredmedia":[{"embeddable":true,"href":"http:\/\/atsalaplata.org.ar\/web\/wp-json\/wp\/v2\/media\/20501"}],"wp:attachment":[{"href":"http:\/\/atsalaplata.org.ar\/web\/wp-json\/wp\/v2\/media?parent=20500"}],"wp:term":[{"taxonomy":"category","embeddable":true,"href":"http:\/\/atsalaplata.org.ar\/web\/wp-json\/wp\/v2\/categories?post=20500"},{"taxonomy":"post_tag","embeddable":true,"href":"http:\/\/atsalaplata.org.ar\/web\/wp-json\/wp\/v2\/tags?post=20500"}],"curies":[{"name":"wp","href":"https:\/\/api.w.org\/{rel}","templated":true}]}}