{"id":17613,"date":"2024-07-26T00:00:00","date_gmt":"2024-07-26T03:00:00","guid":{"rendered":"http:\/\/atsalaplata.org.ar\/web\/?p=17613"},"modified":"2024-07-24T13:02:48","modified_gmt":"2024-07-24T16:02:48","slug":"paso-a-la-inmortalidad-de-eva-duarte-de-peron","status":"publish","type":"post","link":"http:\/\/atsalaplata.org.ar\/web\/2024\/07\/paso-a-la-inmortalidad-de-eva-duarte-de-peron\/","title":{"rendered":"Paso a la inmortalidad de Eva Duarte de Per\u00f3n"},"content":{"rendered":"\n<p>Este 26 de julio, recordamos el 72 aniversario de la partida de Eva Duarte de Per\u00f3n, la inolvidable &#8216;Evita&#8217;, quien dej\u00f3 una huella imborrable en la historia de la pol\u00edtica argentina.<\/p>\n\n\n\n<p>Con su esp\u00edritu apasionado y su compromiso incansable con los m\u00e1s necesitados, Eva Per\u00f3n se convirti\u00f3 en un s\u00edmbolo de lucha y justicia social. Como ella misma dijo: &#8216;Los peronistas no somos buenos, somos los mejores, porque tenemos coraz\u00f3n&#8217;.<\/p>\n\n\n\n<p>Su legado contin\u00faa inspirando a generaciones y su memoria sigue viva en nuestros corazones.<\/p>\n\n\n\n<p>Este d\u00eda, recordemos su valent\u00eda, su determinaci\u00f3n y su amor por el pueblo argentino.\ud83c\udde6\ud83c\uddf7<\/p>\n\n\n\n<p>#EvitaEterna #72a\u00f1osevitainmortal<\/p>\n","protected":false},"excerpt":{"rendered":"<p>Este 26 de julio, recordamos el 72 aniversario de la partida de Eva Duarte de&#8230;<\/p>\n","protected":false},"author":2,"featured_media":17614,"comment_status":"closed","ping_status":"open","sticky":false,"template":"","format":"standard","meta":{"footnotes":""},"categories":[98,147,97,119,85],"tags":[],"class_list":["post-17613","post","type-post","status-publish","format-standard","has-post-thumbnail","hentry","category-home","category-novedades","category-sec-de-cultura","category-sec-de-la-mujer","category-sec-de-prensa"],"_links":{"self":[{"href":"http:\/\/atsalaplata.org.ar\/web\/wp-json\/wp\/v2\/posts\/17613","targetHints":{"allow":["GET"]}}],"collection":[{"href":"http:\/\/atsalaplata.org.ar\/web\/wp-json\/wp\/v2\/posts"}],"about":[{"href":"http:\/\/atsalaplata.org.ar\/web\/wp-json\/wp\/v2\/types\/post"}],"author":[{"embeddable":true,"href":"http:\/\/atsalaplata.org.ar\/web\/wp-json\/wp\/v2\/users\/2"}],"replies":[{"embeddable":true,"href":"http:\/\/atsalaplata.org.ar\/web\/wp-json\/wp\/v2\/comments?post=17613"}],"version-history":[{"count":1,"href":"http:\/\/atsalaplata.org.ar\/web\/wp-json\/wp\/v2\/posts\/17613\/revisions"}],"predecessor-version":[{"id":17615,"href":"http:\/\/atsalaplata.org.ar\/web\/wp-json\/wp\/v2\/posts\/17613\/revisions\/17615"}],"wp:featuredmedia":[{"embeddable":true,"href":"http:\/\/atsalaplata.org.ar\/web\/wp-json\/wp\/v2\/media\/17614"}],"wp:attachment":[{"href":"http:\/\/atsalaplata.org.ar\/web\/wp-json\/wp\/v2\/media?parent=17613"}],"wp:term":[{"taxonomy":"category","embeddable":true,"href":"http:\/\/atsalaplata.org.ar\/web\/wp-json\/wp\/v2\/categories?post=17613"},{"taxonomy":"post_tag","embeddable":true,"href":"http:\/\/atsalaplata.org.ar\/web\/wp-json\/wp\/v2\/tags?post=17613"}],"curies":[{"name":"wp","href":"https:\/\/api.w.org\/{rel}","templated":true}]}}