{"id":17603,"date":"2024-07-19T14:45:14","date_gmt":"2024-07-19T17:45:14","guid":{"rendered":"http:\/\/atsalaplata.org.ar\/web\/?p=17603"},"modified":"2024-07-19T14:47:24","modified_gmt":"2024-07-19T17:47:24","slug":"festejo-de-trinos-previo-al-dia-del-amigo","status":"publish","type":"post","link":"http:\/\/atsalaplata.org.ar\/web\/2024\/07\/festejo-de-trinos-previo-al-dia-del-amigo\/","title":{"rendered":"Festejo de TRINOS previo al \u00abD\u00eda del amigo\u00bb"},"content":{"rendered":"\n<figure class=\"wp-block-gallery has-nested-images columns-default is-cropped wp-block-gallery-1 is-layout-flex wp-block-gallery-is-layout-flex\">\n<figure class=\"wp-block-image size-large\"><img decoding=\"async\" data-id=\"17605\" src=\"http:\/\/atsalaplata.org.ar\/web\/wp-content\/uploads\/2024\/07\/6-4.jpg\" alt=\"\" class=\"wp-image-17605\"\/><\/figure>\n\n\n\n<figure class=\"wp-block-image size-large\"><img loading=\"lazy\" decoding=\"async\" width=\"1080\" height=\"1350\" data-id=\"17608\" src=\"http:\/\/atsalaplata.org.ar\/web\/wp-content\/uploads\/2024\/07\/7-3.jpg\" alt=\"\" class=\"wp-image-17608\" srcset=\"http:\/\/atsalaplata.org.ar\/web\/wp-content\/uploads\/2024\/07\/7-3.jpg 1080w, http:\/\/atsalaplata.org.ar\/web\/wp-content\/uploads\/2024\/07\/7-3-768x960.jpg 768w, http:\/\/atsalaplata.org.ar\/web\/wp-content\/uploads\/2024\/07\/7-3-1024x1280.jpg 1024w\" sizes=\"auto, (max-width: 1080px) 100vw, 1080px\" \/><\/figure>\n\n\n\n<figure class=\"wp-block-image size-large\"><img loading=\"lazy\" decoding=\"async\" width=\"1080\" height=\"1350\" data-id=\"17606\" src=\"http:\/\/atsalaplata.org.ar\/web\/wp-content\/uploads\/2024\/07\/8-3.jpg\" alt=\"\" class=\"wp-image-17606\" srcset=\"http:\/\/atsalaplata.org.ar\/web\/wp-content\/uploads\/2024\/07\/8-3.jpg 1080w, http:\/\/atsalaplata.org.ar\/web\/wp-content\/uploads\/2024\/07\/8-3-768x960.jpg 768w, http:\/\/atsalaplata.org.ar\/web\/wp-content\/uploads\/2024\/07\/8-3-1024x1280.jpg 1024w\" sizes=\"auto, (max-width: 1080px) 100vw, 1080px\" \/><\/figure>\n\n\n\n<figure class=\"wp-block-image size-large\"><img loading=\"lazy\" decoding=\"async\" width=\"1080\" height=\"1350\" data-id=\"17604\" src=\"http:\/\/atsalaplata.org.ar\/web\/wp-content\/uploads\/2024\/07\/9-2.jpg\" alt=\"\" class=\"wp-image-17604\" srcset=\"http:\/\/atsalaplata.org.ar\/web\/wp-content\/uploads\/2024\/07\/9-2.jpg 1080w, http:\/\/atsalaplata.org.ar\/web\/wp-content\/uploads\/2024\/07\/9-2-768x960.jpg 768w, http:\/\/atsalaplata.org.ar\/web\/wp-content\/uploads\/2024\/07\/9-2-1024x1280.jpg 1024w\" sizes=\"auto, (max-width: 1080px) 100vw, 1080px\" \/><\/figure>\n\n\n\n<figure class=\"wp-block-image size-large\"><img loading=\"lazy\" decoding=\"async\" width=\"1080\" height=\"1350\" data-id=\"17607\" src=\"http:\/\/atsalaplata.org.ar\/web\/wp-content\/uploads\/2024\/07\/10-2.jpg\" alt=\"\" class=\"wp-image-17607\" srcset=\"http:\/\/atsalaplata.org.ar\/web\/wp-content\/uploads\/2024\/07\/10-2.jpg 1080w, http:\/\/atsalaplata.org.ar\/web\/wp-content\/uploads\/2024\/07\/10-2-768x960.jpg 768w, http:\/\/atsalaplata.org.ar\/web\/wp-content\/uploads\/2024\/07\/10-2-1024x1280.jpg 1024w\" sizes=\"auto, (max-width: 1080px) 100vw, 1080px\" \/><\/figure>\n<\/figure>\n\n\n\n<p><img loading=\"lazy\" decoding=\"async\" height=\"16\" width=\"16\" alt=\"\ud83e\udd73\" src=\"https:\/\/static.xx.fbcdn.net\/images\/emoji.php\/v9\/t6d\/1\/16\/1f973.png\">El pasado mi\u00e9rcoles 17 de julio la Agrupaci\u00f3n TRINOS realiz\u00f3 el festejo previo al \u00abD\u00eda del amigo\u201d, en nuestra sede social.<\/p>\n\n\n\n<p>Como sucede todos los mi\u00e9rcoles, que se re\u00fanen nuestros adultos mayores, hubo mates, pizza, tortas y dem\u00e1s delicatessen&#8230;con charlas, debates y m\u00fasica. <img loading=\"lazy\" decoding=\"async\" height=\"16\" width=\"16\" alt=\"\ud83e\udd50\" src=\"https:\/\/static.xx.fbcdn.net\/images\/emoji.php\/v9\/tac\/1\/16\/1f950.png\"><img loading=\"lazy\" decoding=\"async\" height=\"16\" width=\"16\" alt=\"\ud83e\udd64\" src=\"https:\/\/static.xx.fbcdn.net\/images\/emoji.php\/v9\/t4f\/1\/16\/1f964.png\"><img loading=\"lazy\" decoding=\"async\" height=\"16\" width=\"16\" alt=\"\ud83c\udfbc\" src=\"https:\/\/static.xx.fbcdn.net\/images\/emoji.php\/v9\/tcc\/1\/16\/1f3bc.png\"><\/p>\n\n\n\n<p>Participaron del mismo, la Sec. De Previsi\u00f3n, Mar\u00eda Isabel Lazarte; la Sec. De Cultura, Ledys Udaquiola, y las delegadas gremiales: Natalia flores y Ana Mill\u00e1n.<\/p>\n\n\n\n<p><a><\/a>Agradecemos la participaci\u00f3n de todos\/as. <img loading=\"lazy\" decoding=\"async\" height=\"16\" width=\"16\" alt=\"\ud83e\udec2\" src=\"https:\/\/static.xx.fbcdn.net\/images\/emoji.php\/v9\/t68\/1\/16\/1fac2.png\"><\/p>\n\n\n\n<p><a href=\"https:\/\/www.facebook.com\/hashtag\/sanidadatsalaplata?__eep__=6&amp;__cft__[0]=AZVi58Di2jQoFUCdvptgjT-nKWqYd3RJWQzDdEpooqvExa2mAYu_SbBaf0gaK_ItOPC7w_dRbno0J3VvD7-bl7RL6NmwxGfWQYLDolP452lpqgN1RS1gMiedxEJCRNAjYUNgYEv4PBk6sE24SgDyHpD3onHc5LZhdaDOQidvrV7HRK9C3fasgZyPVZLS40KZNfT1cmF4bkJWx3UAWoldR24-&amp;__tn__=*NK-R\">#SanidadAtsaLaPlata<\/a><a href=\"https:\/\/www.facebook.com\/hashtag\/siemprejuntoavos?__eep__=6&amp;__cft__[0]=AZVi58Di2jQoFUCdvptgjT-nKWqYd3RJWQzDdEpooqvExa2mAYu_SbBaf0gaK_ItOPC7w_dRbno0J3VvD7-bl7RL6NmwxGfWQYLDolP452lpqgN1RS1gMiedxEJCRNAjYUNgYEv4PBk6sE24SgDyHpD3onHc5LZhdaDOQidvrV7HRK9C3fasgZyPVZLS40KZNfT1cmF4bkJWx3UAWoldR24-&amp;__tn__=*NK-R\">#SiempreJuntoAVos<\/a><\/p>\n","protected":false},"excerpt":{"rendered":"<p>El pasado mi\u00e9rcoles 17 de julio la Agrupaci\u00f3n TRINOS realiz\u00f3 el festejo previo al \u00abD\u00eda&#8230;<\/p>\n","protected":false},"author":2,"featured_media":17605,"comment_status":"closed","ping_status":"open","sticky":false,"template":"","format":"standard","meta":{"footnotes":""},"categories":[146,98,147,88,85,157,148],"tags":[],"class_list":["post-17603","post","type-post","status-publish","format-standard","has-post-thumbnail","hentry","category-destacado","category-home","category-novedades","category-obra-social","category-sec-de-prensa","category-prevision","category-ultimas-noticias"],"_links":{"self":[{"href":"http:\/\/atsalaplata.org.ar\/web\/wp-json\/wp\/v2\/posts\/17603","targetHints":{"allow":["GET"]}}],"collection":[{"href":"http:\/\/atsalaplata.org.ar\/web\/wp-json\/wp\/v2\/posts"}],"about":[{"href":"http:\/\/atsalaplata.org.ar\/web\/wp-json\/wp\/v2\/types\/post"}],"author":[{"embeddable":true,"href":"http:\/\/atsalaplata.org.ar\/web\/wp-json\/wp\/v2\/users\/2"}],"replies":[{"embeddable":true,"href":"http:\/\/atsalaplata.org.ar\/web\/wp-json\/wp\/v2\/comments?post=17603"}],"version-history":[{"count":1,"href":"http:\/\/atsalaplata.org.ar\/web\/wp-json\/wp\/v2\/posts\/17603\/revisions"}],"predecessor-version":[{"id":17609,"href":"http:\/\/atsalaplata.org.ar\/web\/wp-json\/wp\/v2\/posts\/17603\/revisions\/17609"}],"wp:featuredmedia":[{"embeddable":true,"href":"http:\/\/atsalaplata.org.ar\/web\/wp-json\/wp\/v2\/media\/17605"}],"wp:attachment":[{"href":"http:\/\/atsalaplata.org.ar\/web\/wp-json\/wp\/v2\/media?parent=17603"}],"wp:term":[{"taxonomy":"category","embeddable":true,"href":"http:\/\/atsalaplata.org.ar\/web\/wp-json\/wp\/v2\/categories?post=17603"},{"taxonomy":"post_tag","embeddable":true,"href":"http:\/\/atsalaplata.org.ar\/web\/wp-json\/wp\/v2\/tags?post=17603"}],"curies":[{"name":"wp","href":"https:\/\/api.w.org\/{rel}","templated":true}]}}